{"id":162153,"date":"2026-03-06T05:25:10","date_gmt":"2026-03-06T08:25:10","guid":{"rendered":"http:\/\/argentinamunicipal.com.ar\/argentina\/?p=162153"},"modified":"2026-03-04T19:26:50","modified_gmt":"2026-03-04T22:26:50","slug":"concejos-deliberantes-de-la-region-del-uruguay-unifican-criterios-frente-al-proyecto-de-hif-global","status":"publish","type":"post","link":"http:\/\/argentinamunicipal.com.ar\/argentina\/concejos-deliberantes-de-la-region-del-uruguay-unifican-criterios-frente-al-proyecto-de-hif-global\/","title":{"rendered":"Concejos Deliberantes de la regi\u00f3n del Uruguay unifican criterios frente al proyecto de HIF Global"},"content":{"rendered":"<p>Legisladores locales de los departamentos Col\u00f3n y Uruguay se reunieron en el Hotel Intersur para coordinar herramientas legales y ambientales ante la posible instalaci\u00f3n de la planta de e-combustibles en la zona<\/p>\n<p>En una reuni\u00f3n en la ciudad de Col\u00f3n, representantes de diversos Concejos Deliberantes iniciaron un esquema de trabajo conjunto para analizar el impacto del proyecto de la firma HIF Global. La convocatoria, que incluy\u00f3 a ediles de la microrregi\u00f3n Tierra de Palmares y localidades vecinas, tuvo como prop\u00f3sito el intercambio de proyectos legislativos y la planificaci\u00f3n de acciones preventivas.<\/p>\n<p>El encuentro cont\u00f3 con la participaci\u00f3n activa de concejales de los departamentos Col\u00f3n y Uruguay, representando a las localidades de San Justo, San Jos\u00e9, Colonia Hocker, Liebig y Col\u00f3n. Durante la jornada, se analizaron los posibles alcances de la instalaci\u00f3n industrial y se compartieron las preocupaciones t\u00e9cnicas respecto al uso de recursos naturales.<\/p>\n<p>Es importante destacar que, si bien ciudades como Concepci\u00f3n del Uruguay, Concordia, Gualeguaych\u00fa forman parte de esta iniciativa, algunas delegaciones justificaron su ausencia debido a compromisos de agenda legislativa local, aunque ratificaron su inter\u00e9s en la conformaci\u00f3n de este bloque regional de control.<\/p>\n<p><strong>Pr\u00f3ximos pasos y documentos conjuntos<\/strong><\/p>\n<p>Se acord\u00f3 la creaci\u00f3n de un grupo de enlace permanente para coordinar una nueva reuni\u00f3n presencial a la brevedad. El objetivo final es la redacci\u00f3n de documentos unificados y proyectos de resoluci\u00f3n que ser\u00e1n elevados a las autoridades y organismos de control correspondientes para garantizar la transparencia y la protecci\u00f3n del ecosistema local.<\/p>\n<h6>Fuente: APFDigital<\/h6>\n","protected":false},"excerpt":{"rendered":"<p>Legisladores locales de los departamentos Col\u00f3n y Uruguay se reunieron en el Hotel Intersur para coordinar herramientas legales y ambientales ante la posible instalaci\u00f3n de la planta de e-combustibles en la zona<\/p>\n","protected":false},"author":2,"featured_media":162154,"comment_status":"closed","ping_status":"closed","sticky":false,"template":"","format":"standard","meta":{"footnotes":""},"categories":[4],"tags":[17],"class_list":["post-162153","post","type-post","status-publish","format-standard","has-post-thumbnail","hentry","category-informe-politico","tag-entre-rios"],"_links":{"self":[{"href":"http:\/\/argentinamunicipal.com.ar\/argentina\/wp-json\/wp\/v2\/posts\/162153","targetHints":{"allow":["GET"]}}],"collection":[{"href":"http:\/\/argentinamunicipal.com.ar\/argentina\/wp-json\/wp\/v2\/posts"}],"about":[{"href":"http:\/\/argentinamunicipal.com.ar\/argentina\/wp-json\/wp\/v2\/types\/post"}],"author":[{"embeddable":true,"href":"http:\/\/argentinamunicipal.com.ar\/argentina\/wp-json\/wp\/v2\/users\/2"}],"replies":[{"embeddable":true,"href":"http:\/\/argentinamunicipal.com.ar\/argentina\/wp-json\/wp\/v2\/comments?post=162153"}],"version-history":[{"count":1,"href":"http:\/\/argentinamunicipal.com.ar\/argentina\/wp-json\/wp\/v2\/posts\/162153\/revisions"}],"predecessor-version":[{"id":162155,"href":"http:\/\/argentinamunicipal.com.ar\/argentina\/wp-json\/wp\/v2\/posts\/162153\/revisions\/162155"}],"wp:featuredmedia":[{"embeddable":true,"href":"http:\/\/argentinamunicipal.com.ar\/argentina\/wp-json\/wp\/v2\/media\/162154"}],"wp:attachment":[{"href":"http:\/\/argentinamunicipal.com.ar\/argentina\/wp-json\/wp\/v2\/media?parent=162153"}],"wp:term":[{"taxonomy":"category","embeddable":true,"href":"http:\/\/argentinamunicipal.com.ar\/argentina\/wp-json\/wp\/v2\/categories?post=162153"},{"taxonomy":"post_tag","embeddable":true,"href":"http:\/\/argentinamunicipal.com.ar\/argentina\/wp-json\/wp\/v2\/tags?post=162153"}],"curies":[{"name":"wp","href":"https:\/\/api.w.org\/{rel}","templated":true}]}}