{"id":162171,"date":"2026-03-05T05:25:05","date_gmt":"2026-03-05T08:25:05","guid":{"rendered":"http:\/\/argentinamunicipal.com.ar\/argentina\/?p=162171"},"modified":"2026-03-05T05:25:05","modified_gmt":"2026-03-05T08:25:05","slug":"santa-fe-acusa-el-impacto-de-la-recesion-los-ingresos-provinciales-vuelven-a-caer-en-terminos-reales-y-enciende-las-alarmas","status":"publish","type":"post","link":"http:\/\/argentinamunicipal.com.ar\/argentina\/santa-fe-acusa-el-impacto-de-la-recesion-los-ingresos-provinciales-vuelven-a-caer-en-terminos-reales-y-enciende-las-alarmas\/","title":{"rendered":"Santa Fe acusa el impacto de la recesi\u00f3n: los ingresos provinciales vuelven a caer en t\u00e9rminos reales y enciende las alarmas"},"content":{"rendered":"<p>En febrero la baja fue del 8,1% interanual ajustada por inflaci\u00f3n. Tambi\u00e9n retrocedieron los recursos por coparticipaci\u00f3n, en l\u00ednea con la tendencia nacional<\/p>\n<p>La sostenida desaceleraci\u00f3n de la econom\u00eda nacional comienza a sentirse con mayor fuerza en las cuentas p\u00fablicas provinciales. En ese contexto, el gobierno de Santa Fe sigue de cerca la evoluci\u00f3n de sus ingresos, que muestran un deterioro tanto en la recaudaci\u00f3n propia como en los fondos que llegan por coparticipaci\u00f3n federal.<\/p>\n<p>Un informe del Instituto Argentino de An\u00e1lisis Fiscal revel\u00f3 que todas las jurisdicciones del pa\u00eds registraron retrocesos en sus recursos, con la Ciudad Aut\u00f3noma de Buenos Aires exhibiendo la ca\u00edda m\u00e1s marcada y Salta la m\u00e1s moderada.<\/p>\n<p>En declaraciones a\u00a0Radi\u00f3polis (Radio 2), el ministro de Econom\u00eda provincial,\u00a0Pablo Olivares, se\u00f1al\u00f3 que la situaci\u00f3n \u201cest\u00e1 afectando a todas las provincias y al propio Estado nacional\u201d, y precis\u00f3 que en Santa Fe la recaudaci\u00f3n \u201cpor segundo mes consecutivo en el a\u00f1o ha ca\u00eddo en t\u00e9rminos reales\u201d.<\/p>\n<p>El funcionario explic\u00f3 que tanto la comparaci\u00f3n interanual de\u00a0enero 2026 contra enero 2025\u00a0como la de\u00a0febrero 2026 contra febrero 2025\u00a0arrojan resultados por debajo de la inflaci\u00f3n, tendencia que tambi\u00e9n se repite en el\u00a0acumulado del primer bimestre.<\/p>\n<p><strong>Cifras<\/strong><br \/>\nDe acuerdo con el informe, en\u00a0febrero\u00a0la provincia recibi\u00f3\u00a0$463.176 millones, lo que implica una variaci\u00f3n nominal del\u00a022,1%\u00a0respecto al mismo mes del a\u00f1o pasado. Sin embargo, al descontar la\u00a0inflaci\u00f3n estimada en 2,8%, se verifica una\u00a0ca\u00edda real del 8,1%, levemente superior al\u00a0promedio nacional, que fue del\u00a07,4%.<\/p>\n<p>En el\u00a0acumulado enero-febrero de 2026, Santa Fe percibi\u00f3\u00a0$961.053 millones. Aunque la suba nominal tambi\u00e9n alcanz\u00f3 el\u00a022,1%, la variaci\u00f3n real acumulada muestra una\u00a0disminuci\u00f3n del 8,0%\u00a0frente al mismo per\u00edodo de 2025.<\/p>\n<p>La contracci\u00f3n se explica principalmente por el desempe\u00f1o de los tributos que integran la\u00a0masa coparticipable. El\u00a0IVA\u00a0registr\u00f3 en febrero una\u00a0baja real interanual del 13%, afectado en parte por la derogaci\u00f3n de la suspensi\u00f3n de certificados de exclusi\u00f3n de percepci\u00f3n aduanera. El\u00a0Impuesto a las Ganancias\u00a0mostr\u00f3 una variaci\u00f3n negativa real del\u00a00,8%, mientras que los\u00a0Impuestos Internos\u00a0sufrieron una ca\u00edda real del\u00a016,6%.<\/p>\n<p>\u201cEsto significa que los recursos con los que cuenta el Estado est\u00e1n cayendo con respecto a la inflaci\u00f3n\u201d, afirm\u00f3\u00a0Olivares, aunque subray\u00f3 que se sostendr\u00e1n los compromisos asumidos: \u201cprincipalmente mantener la inversi\u00f3n, reforzar la atenci\u00f3n de quienes m\u00e1s lo necesitan \u2014salud, educaci\u00f3n y alimentaci\u00f3n\u2014 y cumplir con los\u00a0trabajadores p\u00fablicos, a quienes propusimos\u00a0incrementos por encima de la inflaci\u00f3n esperada\u201d.<\/p>\n<h6>Fuente: Uno<\/h6>\n","protected":false},"excerpt":{"rendered":"<p>En febrero la baja fue del 8,1% interanual ajustada por inflaci\u00f3n. Tambi\u00e9n retrocedieron los recursos por coparticipaci\u00f3n, en l\u00ednea con la tendencia nacional<\/p>\n","protected":false},"author":2,"featured_media":162172,"comment_status":"closed","ping_status":"closed","sticky":false,"template":"","format":"standard","meta":{"footnotes":""},"categories":[65],"tags":[10],"class_list":["post-162171","post","type-post","status-publish","format-standard","has-post-thumbnail","hentry","category-provincias","tag-santa-fe"],"_links":{"self":[{"href":"http:\/\/argentinamunicipal.com.ar\/argentina\/wp-json\/wp\/v2\/posts\/162171","targetHints":{"allow":["GET"]}}],"collection":[{"href":"http:\/\/argentinamunicipal.com.ar\/argentina\/wp-json\/wp\/v2\/posts"}],"about":[{"href":"http:\/\/argentinamunicipal.com.ar\/argentina\/wp-json\/wp\/v2\/types\/post"}],"author":[{"embeddable":true,"href":"http:\/\/argentinamunicipal.com.ar\/argentina\/wp-json\/wp\/v2\/users\/2"}],"replies":[{"embeddable":true,"href":"http:\/\/argentinamunicipal.com.ar\/argentina\/wp-json\/wp\/v2\/comments?post=162171"}],"version-history":[{"count":1,"href":"http:\/\/argentinamunicipal.com.ar\/argentina\/wp-json\/wp\/v2\/posts\/162171\/revisions"}],"predecessor-version":[{"id":162173,"href":"http:\/\/argentinamunicipal.com.ar\/argentina\/wp-json\/wp\/v2\/posts\/162171\/revisions\/162173"}],"wp:featuredmedia":[{"embeddable":true,"href":"http:\/\/argentinamunicipal.com.ar\/argentina\/wp-json\/wp\/v2\/media\/162172"}],"wp:attachment":[{"href":"http:\/\/argentinamunicipal.com.ar\/argentina\/wp-json\/wp\/v2\/media?parent=162171"}],"wp:term":[{"taxonomy":"category","embeddable":true,"href":"http:\/\/argentinamunicipal.com.ar\/argentina\/wp-json\/wp\/v2\/categories?post=162171"},{"taxonomy":"post_tag","embeddable":true,"href":"http:\/\/argentinamunicipal.com.ar\/argentina\/wp-json\/wp\/v2\/tags?post=162171"}],"curies":[{"name":"wp","href":"https:\/\/api.w.org\/{rel}","templated":true}]}}