{"id":162177,"date":"2026-03-09T05:00:27","date_gmt":"2026-03-09T08:00:27","guid":{"rendered":"http:\/\/argentinamunicipal.com.ar\/argentina\/?p=162177"},"modified":"2026-03-05T05:49:12","modified_gmt":"2026-03-05T08:49:12","slug":"brasil-no-habilitaran-puertos-en-el-amazonas-por-el-reclamo-de-los-pueblos-originarios","status":"publish","type":"post","link":"http:\/\/argentinamunicipal.com.ar\/argentina\/brasil-no-habilitaran-puertos-en-el-amazonas-por-el-reclamo-de-los-pueblos-originarios\/","title":{"rendered":"Brasil: No habilitar\u00e1n puertos en el Amazonas por el reclamo de los pueblos originarios"},"content":{"rendered":"<p>El gobierno de Brasil revoc\u00f3 esta semana un decreto que habilitaba la construcci\u00f3n de puertos en los r\u00edos del Amazonas para el transporte de granos. La decisi\u00f3n lleg\u00f3 tras m\u00e1s de un mes de protestas ind\u00edgenas que escalaron hasta la ocupaci\u00f3n de una terminal de la empresa Cargill.<\/p>\n<p>El decreto, firmado en agosto por el presidente Luiz In\u00e1cio Lula da Silva, designaba los principales r\u00edos amaz\u00f3nicos como prioritarios para la navegaci\u00f3n de carga y la expansi\u00f3n de puertos privados. Las comunidades consideran esas v\u00edas fluviales vitales para su modo de vida y se oponen al dragado que implica ese tipo de desarrollo.<\/p>\n<p>Las protestas ind\u00edgenas que forzaron la decisi\u00f3n<\/p>\n<p>M\u00e1s de 1000 ind\u00edgenas de 15 comunidades acamparon durante semanas en protesta por el decreto que habilitaba los puertos en los r\u00edos del Amazonas.<\/p>\n<p>La mayor\u00eda se instal\u00f3 frente a la terminal de la empresa agroindustrial estadounidense Cargill, en la ciudad de Santar\u00e9m, estado de Par\u00e1.<\/p>\n<p>Las protestas continuaron incluso despu\u00e9s de que el gobierno anunciara, dos semanas antes, la suspensi\u00f3n del dragado en el r\u00edo Tapaj\u00f3s, afluente del Amazonas.<\/p>\n<p>El fin de semana previo al anuncio, los manifestantes incluso ingresaron y ocuparon la terminal, lo que aument\u00f3 la presi\u00f3n sobre las autoridades.<\/p>\n<p>\u201cPueden criminalizarnos, pero nosotros sabemos que el r\u00edo es nuestro, la selva es nuestra\u201d, dijo Alessandra Korap, l\u00edder del pueblo munduruku, desde las instalaciones de Cargill.<\/p>\n<p>Tras estos incidentes, el gobierno de Brasil finalmente decidi\u00f3 revocar el decreto que habilitaba la instalaci\u00f3n de puertos en los r\u00edos del Amazonas. El ministro de la Secretar\u00eda General de la Presidencia, Guilherme Boulos, confirm\u00f3 la medida en rueda de prensa en Brasilia: \u201cSe firm\u00f3 la decisi\u00f3n para revocar el decreto\u201d.<\/p>\n<p>\u201cEste gobierno lleva la escucha incluso al punto de retroceder en una decisi\u00f3n propia por comprender la posici\u00f3n de esos pueblos ind\u00edgenas\u201d, agreg\u00f3 Boulos.<\/p>\n<p>Qu\u00e9 implicaba el decreto<\/p>\n<p>El decreto para establecer puertos gener\u00f3 rechazo porque habilitaba una serie de intervenciones en los r\u00edos del Amazonas con impacto directo sobre los ecosistemas y comunidades de la regi\u00f3n:<\/p>\n<p>\u2013 Expansi\u00f3n de puertos privados sobre los principales r\u00edos amaz\u00f3nicos<br \/>\n\u2013 Dragado de r\u00edos para facilitar la navegaci\u00f3n de embarcaciones de carga<br \/>\n\u2013 Designaci\u00f3n de esas v\u00edas fluviales como prioritarias para el transporte de granos<br \/>\n\u2013 Mayor presencia de la agroindustria en territorios sensibles<\/p>\n<p>La organizaci\u00f3n Amazon Watch inform\u00f3 que durante las protestas los manifestantes llegaron a impedir la entrada y salida de camiones de la terminal de Cargill.<\/p>\n<p>Brasil es el principal exportador mundial de soja y ma\u00edz, y la expansi\u00f3n de puertos fluviales en la Amazon\u00eda apunta a reducir los costos de transporte de esa producci\u00f3n.<\/p>\n<p>Los cr\u00edticos se\u00f1alaron que el proyecto representaba un choque entre el desarrollo econ\u00f3mico y el compromiso ambiental que Lula publicit\u00f3 en distintos foros internacionales.<\/p>\n<p>Los ind\u00edgenas ya hab\u00edan planteado su rechazo al decreto en la conferencia clim\u00e1tica COP30 de la ONU, celebrada en noviembre en Brasil.<\/p>\n<p>Frente a los graneros de Cargill, manifestantes con tocados de plumas celebraron el anuncio. \u201cGanamos esa lucha. Eso muestra que la vida no se vende, el r\u00edo no tiene precio, no es negociable\u201d, afirm\u00f3 Maria Leusa, otra dirigente munduruku.<\/p>\n<p>Alessandra Korap anunci\u00f3 que las comunidades seguir\u00e1n \u201cresistiendo\u201d y convoc\u00f3 a nuevas protestas para el martes en Brasilia, S\u00e3o Paulo y otras ciudades, contra la privatizaci\u00f3n de los r\u00edos amaz\u00f3nicos.<\/p>\n<h6>Fuente: eldiariodemadryn<\/h6>\n","protected":false},"excerpt":{"rendered":"<p>El gobierno de\u00a0Brasil revoc\u00f3 esta semana un decreto que habilitaba la construcci\u00f3n de puertos en los r\u00edos del Amazonas para el transporte de granos.<\/p>\n","protected":false},"author":2,"featured_media":162178,"comment_status":"closed","ping_status":"closed","sticky":false,"template":"","format":"standard","meta":{"footnotes":""},"categories":[22],"tags":[57],"class_list":["post-162177","post","type-post","status-publish","format-standard","has-post-thumbnail","hentry","category-el-mundo","tag-el-mundo"],"_links":{"self":[{"href":"http:\/\/argentinamunicipal.com.ar\/argentina\/wp-json\/wp\/v2\/posts\/162177","targetHints":{"allow":["GET"]}}],"collection":[{"href":"http:\/\/argentinamunicipal.com.ar\/argentina\/wp-json\/wp\/v2\/posts"}],"about":[{"href":"http:\/\/argentinamunicipal.com.ar\/argentina\/wp-json\/wp\/v2\/types\/post"}],"author":[{"embeddable":true,"href":"http:\/\/argentinamunicipal.com.ar\/argentina\/wp-json\/wp\/v2\/users\/2"}],"replies":[{"embeddable":true,"href":"http:\/\/argentinamunicipal.com.ar\/argentina\/wp-json\/wp\/v2\/comments?post=162177"}],"version-history":[{"count":1,"href":"http:\/\/argentinamunicipal.com.ar\/argentina\/wp-json\/wp\/v2\/posts\/162177\/revisions"}],"predecessor-version":[{"id":162179,"href":"http:\/\/argentinamunicipal.com.ar\/argentina\/wp-json\/wp\/v2\/posts\/162177\/revisions\/162179"}],"wp:featuredmedia":[{"embeddable":true,"href":"http:\/\/argentinamunicipal.com.ar\/argentina\/wp-json\/wp\/v2\/media\/162178"}],"wp:attachment":[{"href":"http:\/\/argentinamunicipal.com.ar\/argentina\/wp-json\/wp\/v2\/media?parent=162177"}],"wp:term":[{"taxonomy":"category","embeddable":true,"href":"http:\/\/argentinamunicipal.com.ar\/argentina\/wp-json\/wp\/v2\/categories?post=162177"},{"taxonomy":"post_tag","embeddable":true,"href":"http:\/\/argentinamunicipal.com.ar\/argentina\/wp-json\/wp\/v2\/tags?post=162177"}],"curies":[{"name":"wp","href":"https:\/\/api.w.org\/{rel}","templated":true}]}}