{"id":162180,"date":"2026-03-05T06:03:31","date_gmt":"2026-03-05T09:03:31","guid":{"rendered":"http:\/\/argentinamunicipal.com.ar\/argentina\/?p=162180"},"modified":"2026-03-05T06:03:31","modified_gmt":"2026-03-05T09:03:31","slug":"el-parate-es-general-crece-la-preocupacion-en-el-comercio-de-parana-por-caida-de-ventas-despidos-y-cierres","status":"publish","type":"post","link":"http:\/\/argentinamunicipal.com.ar\/argentina\/el-parate-es-general-crece-la-preocupacion-en-el-comercio-de-parana-por-caida-de-ventas-despidos-y-cierres\/","title":{"rendered":"\u201cEl parate es general\u201d: crece la preocupaci\u00f3n en el comercio de Paran\u00e1 por ca\u00edda de ventas, despidos y cierres"},"content":{"rendered":"<p>Desde el Sindicato de Empleados de Comercio advirtieron que, aunque Paran\u00e1 no alcanza los niveles de despidos registrados en Concordia, la situaci\u00f3n es cada vez m\u00e1s cr\u00edtica: ca\u00edda abrupta de ventas, comercios que cierran y trabajadores que aceptan reducir su jornada para no perder el empleo. \u201cEl parate es general\u201d, advirti\u00f3 en declaraciones a APFDigital el dirigente sindical Mario Marcilla.<\/p>\n<p>El Secretario de Asuntos Generales del Sindicato de Empleados de Comercio de Paran\u00e1, Mario Marcilla, alert\u00f3 sobre el fuerte deterioro que atraviesa el comercio en la capital entrerriana y describi\u00f3 un escenario de \u201cparate general\u201d que comienza a impactar cada d\u00eda con m\u00e1s fuerza en el empleo.<\/p>\n<p>Si bien la situaci\u00f3n no es tan grave como en Concordia, dijo que en Paran\u00e1 se registraron alrededor de 50 despidos en lo que va del a\u00f1o, cifra superior a los primeros meses de 2025.<\/p>\n<p>En solo un mes hubo m\u00e1s despidos que en todo 2025 en el comercio de Concordia<\/p>\n<p>Marcilla advirti\u00f3 que la ca\u00edda del consumo impacta de lleno en el comercio local. \u201cHay muchos locales que han tenido que cerrar porque las ventas cayeron. El pa\u00eds est\u00e1 parado y Paran\u00e1 no es la excepci\u00f3n\u201d, afirm\u00f3.<\/p>\n<p>En ese sentido, indic\u00f3 que con solo recorrer el microcentro de la ciudad se puede dimensionar la situaci\u00f3n. \u201cCon caminar por la peatonal o ingresar al shopping nuevo se ve la cantidad de comercios que cerraron en los \u00faltimos meses. Son cerca de 70 los locales que bajaron las persianas entre el a\u00f1o pasado y este\u201d, precis\u00f3, aunque aclar\u00f3 que algunos se trasladaron a otros polos comerciales como las calles Zanni, Newbery o Brown.<\/p>\n<p>El dirigente sostuvo que la situaci\u00f3n es especialmente cr\u00edtica en algunos rubros. \u201cEs una cifra alarmante y est\u00e1 indicando la baja de las ventas, sobre todo en comercios de indumentaria deportiva. La gente no tiene para comer\u201d, remarc\u00f3. Y agreg\u00f3: \u201cHay un parate general, se fren\u00f3 completamente la rueda de ventas en lo que respecta al comercio\u201d.<\/p>\n<p>Marcilla tambi\u00e9n alert\u00f3 por pr\u00e1cticas que buscan sostener puestos de trabajo, pero que implican un deterioro de las condiciones laborales. \u201cHay muchos casos en los que los empleados pasan a estar registrados media jornada en lugar de jornada completa. Nosotros no avalamos eso, pero los propios trabajadores nos ped\u00edan que no accion\u00e1ramos porque quer\u00edan conservar su empleo\u201d, explic\u00f3 a esta Agencia.<\/p>\n<p>En relaci\u00f3n a la cuesti\u00f3n salarial, cuestion\u00f3 las restricciones impuestas en la \u00faltima paritaria. \u201cHubo un freno muy fuerte: se meti\u00f3 el gobierno nacional y no quisieron homologar aumentos mayores al 1%\u201d, denunci\u00f3.<\/p>\n<p>Finalmente, se refiri\u00f3 a la reforma laboral y asegur\u00f3 que el movimiento sindical se mantiene en alerta. \u201cLa CGT present\u00f3 una acci\u00f3n judicial para frenar la llamada ley de modernizaci\u00f3n laboral. Todav\u00eda no fue promulgada y no sabemos c\u00f3mo se va a implementar. Hay que ver la letra chica, pero estimo que habr\u00e1 muchos casos que se van a judicializar\u201d, concluy\u00f3.<\/p>\n<h6>Fuente: APFDigital<\/h6>\n","protected":false},"excerpt":{"rendered":"<p>Desde el Sindicato de Empleados de Comercio advirtieron que, aunque Paran\u00e1 no alcanza los niveles de despidos registrados en Concordia, la situaci\u00f3n es cada vez m\u00e1s cr\u00edtica: ca\u00edda abrupta de ventas, comercios que cierran y trabajadores que aceptan reducir su jornada para no perder el empleo.<\/p>\n","protected":false},"author":2,"featured_media":162182,"comment_status":"closed","ping_status":"closed","sticky":false,"template":"","format":"standard","meta":{"footnotes":""},"categories":[5],"tags":[17],"class_list":["post-162180","post","type-post","status-publish","format-standard","has-post-thumbnail","hentry","category-informe-economico","tag-entre-rios"],"_links":{"self":[{"href":"http:\/\/argentinamunicipal.com.ar\/argentina\/wp-json\/wp\/v2\/posts\/162180","targetHints":{"allow":["GET"]}}],"collection":[{"href":"http:\/\/argentinamunicipal.com.ar\/argentina\/wp-json\/wp\/v2\/posts"}],"about":[{"href":"http:\/\/argentinamunicipal.com.ar\/argentina\/wp-json\/wp\/v2\/types\/post"}],"author":[{"embeddable":true,"href":"http:\/\/argentinamunicipal.com.ar\/argentina\/wp-json\/wp\/v2\/users\/2"}],"replies":[{"embeddable":true,"href":"http:\/\/argentinamunicipal.com.ar\/argentina\/wp-json\/wp\/v2\/comments?post=162180"}],"version-history":[{"count":1,"href":"http:\/\/argentinamunicipal.com.ar\/argentina\/wp-json\/wp\/v2\/posts\/162180\/revisions"}],"predecessor-version":[{"id":162183,"href":"http:\/\/argentinamunicipal.com.ar\/argentina\/wp-json\/wp\/v2\/posts\/162180\/revisions\/162183"}],"wp:featuredmedia":[{"embeddable":true,"href":"http:\/\/argentinamunicipal.com.ar\/argentina\/wp-json\/wp\/v2\/media\/162182"}],"wp:attachment":[{"href":"http:\/\/argentinamunicipal.com.ar\/argentina\/wp-json\/wp\/v2\/media?parent=162180"}],"wp:term":[{"taxonomy":"category","embeddable":true,"href":"http:\/\/argentinamunicipal.com.ar\/argentina\/wp-json\/wp\/v2\/categories?post=162180"},{"taxonomy":"post_tag","embeddable":true,"href":"http:\/\/argentinamunicipal.com.ar\/argentina\/wp-json\/wp\/v2\/tags?post=162180"}],"curies":[{"name":"wp","href":"https:\/\/api.w.org\/{rel}","templated":true}]}}