{"id":162184,"date":"2026-03-05T06:11:08","date_gmt":"2026-03-05T09:11:08","guid":{"rendered":"http:\/\/argentinamunicipal.com.ar\/argentina\/?p=162184"},"modified":"2026-03-05T06:11:08","modified_gmt":"2026-03-05T09:11:08","slug":"bariloche-impulsa-un-programa-de-composteras-comunitarias-para-reducir-residuos-organicos","status":"publish","type":"post","link":"http:\/\/argentinamunicipal.com.ar\/argentina\/bariloche-impulsa-un-programa-de-composteras-comunitarias-para-reducir-residuos-organicos\/","title":{"rendered":"Bariloche impulsa un programa de composteras comunitarias para reducir residuos org\u00e1nicos"},"content":{"rendered":"<p>El Programa prev\u00e9 la instalaci\u00f3n progresiva de composteras comunitarias en espacios p\u00fablicos.<\/p>\n<p>El Concejo Municipal de Bariloche analiza un proyecto de ordenanza que propone la creaci\u00f3n de un Programa Municipal de Composteras Comunitarias, con el objetivo de reducir el volumen de residuos org\u00e1nicos enviados a disposici\u00f3n final y promover un cambio cultural en la gesti\u00f3n de los desechos domiciliarios.<\/p>\n<p>La iniciativa, impulsada por el concejal Tom\u00e1s Hercigonja (PUL), se enmarca en la Ley General del Ambiente N\u00ba 25.675 y en la Ley N\u00ba 25.916, que establecen presupuestos m\u00ednimos para la protecci\u00f3n ambiental y la gesti\u00f3n integral de residuos s\u00f3lidos urbanos. Tambi\u00e9n toma como referencia la Ley Provincial N\u00ba 5491, que regula el tratamiento de residuos en R\u00edo Negro bajo el sistema GIRSU.<\/p>\n<p>El proyecto se\u00f1ala que el compostaje \u2014proceso biol\u00f3gico de descomposici\u00f3n de materia org\u00e1nica mediante microorganismos\u2014 puede reducir entre un 30% y 50% el volumen de basura que actualmente se destina a vertederos. Adem\u00e1s, genera un mejorador de suelos apto para su utilizaci\u00f3n en espacios p\u00fablicos y actividades agr\u00edcolas.<\/p>\n<p>Entre los materiales que podr\u00e1n compostarse se encuentran restos de frutas y verduras, yerba y caf\u00e9, c\u00e1scaras de huevo, hojas secas, pasto, restos de poda triturados y papel manchado con alimentos.<\/p>\n<p>La propuesta destaca que esta pr\u00e1ctica no solo reduce emisiones y contaminaci\u00f3n de suelos, sino que tambi\u00e9n contribuye a la econom\u00eda circular y al ahorro en los costos municipales de recolecci\u00f3n y disposici\u00f3n final.<\/p>\n<p>El Programa prev\u00e9 la instalaci\u00f3n progresiva de composteras comunitarias en espacios p\u00fablicos, parques, plazas, establecimientos educativos, centros de salud y edificios municipales. Tambi\u00e9n contempla la posibilidad de autorizar su colocaci\u00f3n en organizaciones sociales e instituciones privadas, previa aprobaci\u00f3n de la autoridad de aplicaci\u00f3n.<\/p>\n<p>La Secretar\u00eda de Parques y Jardines \u2014o el \u00e1rea que la reemplace en el futuro\u2014 ser\u00e1 la encargada de ejecutar la ordenanza, habilitar los eco puntos, controlar est\u00e1ndares de calidad, garantizar condiciones de higiene y llevar un registro de los residuos org\u00e1nicos recibidos y del compost generado.<\/p>\n<p>Asimismo, se crear\u00e1 una p\u00e1gina web oficial con un mapa interactivo que permitir\u00e1 ubicar los eco puntos dentro del ejido municipal.<\/p>\n<p>El proyecto pone especial \u00e9nfasis en la educaci\u00f3n ambiental y la participaci\u00f3n comunitaria. Se prev\u00e9n talleres, capacitaciones y acompa\u00f1amiento t\u00e9cnico para asegurar la correcta producci\u00f3n del compost.<\/p>\n<p>Adem\u00e1s, se promover\u00e1 la articulaci\u00f3n con grandes generadores de residuos org\u00e1nicos \u2014como empresas gastron\u00f3micas e industrias alimenticias\u2014 para fomentar la separaci\u00f3n en origen y su incorporaci\u00f3n al sistema. En ese marco, se destaca la importancia de la Responsabilidad Social Empresaria (RSE) y se vincula la iniciativa con el Programa de Responsabilidad Social Empresaria aprobado por ordenanza municipal en 2010.<\/p>\n<p>La experiencia de la ciudad de Bah\u00eda Blanca, que ya cuenta con un programa de composteras comunitarias y un sistema de puntos verdes georreferenciados, es mencionada como antecedente exitoso.<\/p>\n<p><strong>Mes del Compostaje<\/strong><\/p>\n<p>La ordenanza tambi\u00e9n propone instituir el \u201cMes del Compostaje\u201d en el \u00e1mbito municipal, desde el 22 de marzo \u2014D\u00eda del Agua\u2014 hasta el 22 de abril \u2014D\u00eda de la Madre Tierra\u2014, con el fin de intensificar campa\u00f1as de concientizaci\u00f3n y difusi\u00f3n.<\/p>\n<p>El compost producido ser\u00e1 destinado prioritariamente al mantenimiento de espacios p\u00fablicos, aunque tambi\u00e9n podr\u00e1 entregarse a vecinos y vecinas o incorporarse a circuitos de econom\u00eda circular, seg\u00fan disponibilidad y calidad.<\/p>\n<p>La iniciativa se inscribe en los lineamientos de la Agenda 2030 de Naciones Unidas y el Objetivo de Desarrollo Sostenible 11, que promueve ciudades m\u00e1s inclusivas, resilientes y sostenibles, con especial atenci\u00f3n a la gesti\u00f3n de residuos y la reducci\u00f3n del impacto ambiental urbano.<\/p>\n<h6>Fuente: Cordillerano<\/h6>\n","protected":false},"excerpt":{"rendered":"<p>El Programa prev\u00e9 la instalaci\u00f3n progresiva de composteras comunitarias en espacios p\u00fablicos.<\/p>\n","protected":false},"author":2,"featured_media":162185,"comment_status":"closed","ping_status":"closed","sticky":false,"template":"","format":"standard","meta":{"footnotes":""},"categories":[2],"tags":[11],"class_list":["post-162184","post","type-post","status-publish","format-standard","has-post-thumbnail","hentry","category-informe-municipal","tag-rio-negro"],"_links":{"self":[{"href":"http:\/\/argentinamunicipal.com.ar\/argentina\/wp-json\/wp\/v2\/posts\/162184","targetHints":{"allow":["GET"]}}],"collection":[{"href":"http:\/\/argentinamunicipal.com.ar\/argentina\/wp-json\/wp\/v2\/posts"}],"about":[{"href":"http:\/\/argentinamunicipal.com.ar\/argentina\/wp-json\/wp\/v2\/types\/post"}],"author":[{"embeddable":true,"href":"http:\/\/argentinamunicipal.com.ar\/argentina\/wp-json\/wp\/v2\/users\/2"}],"replies":[{"embeddable":true,"href":"http:\/\/argentinamunicipal.com.ar\/argentina\/wp-json\/wp\/v2\/comments?post=162184"}],"version-history":[{"count":1,"href":"http:\/\/argentinamunicipal.com.ar\/argentina\/wp-json\/wp\/v2\/posts\/162184\/revisions"}],"predecessor-version":[{"id":162186,"href":"http:\/\/argentinamunicipal.com.ar\/argentina\/wp-json\/wp\/v2\/posts\/162184\/revisions\/162186"}],"wp:featuredmedia":[{"embeddable":true,"href":"http:\/\/argentinamunicipal.com.ar\/argentina\/wp-json\/wp\/v2\/media\/162185"}],"wp:attachment":[{"href":"http:\/\/argentinamunicipal.com.ar\/argentina\/wp-json\/wp\/v2\/media?parent=162184"}],"wp:term":[{"taxonomy":"category","embeddable":true,"href":"http:\/\/argentinamunicipal.com.ar\/argentina\/wp-json\/wp\/v2\/categories?post=162184"},{"taxonomy":"post_tag","embeddable":true,"href":"http:\/\/argentinamunicipal.com.ar\/argentina\/wp-json\/wp\/v2\/tags?post=162184"}],"curies":[{"name":"wp","href":"https:\/\/api.w.org\/{rel}","templated":true}]}}