{"id":162194,"date":"2026-03-06T05:24:51","date_gmt":"2026-03-06T08:24:51","guid":{"rendered":"http:\/\/argentinamunicipal.com.ar\/argentina\/?p=162194"},"modified":"2026-03-05T06:32:59","modified_gmt":"2026-03-05T09:32:59","slug":"mexico-sheinbaum-publica-reforma-que-reduce-jornada-laboral","status":"publish","type":"post","link":"http:\/\/argentinamunicipal.com.ar\/argentina\/mexico-sheinbaum-publica-reforma-que-reduce-jornada-laboral\/","title":{"rendered":"M\u00e9xico: Sheinbaum publica reforma que reduce jornada laboral"},"content":{"rendered":"<p>La jornada de trabajo pasa de 48 a 40 horas semanales, en una disposici\u00f3n avalada por la mayor\u00eda de congresos estatales.<\/p>\n<p>La presidenta de\u00a0M\u00e9xico,\u00a0Claudia Sheinbaum, public\u00f3 el martes (03.03.2026) en el Diario Oficial de la Federaci\u00f3n (DOF) el decreto por el que se reforma el art\u00edculo 123 de la Constituci\u00f3n mexicana para reducir la jornada laboral de 48 a 40 horas semanales con aplicaci\u00f3n gradual hasta 2030.<\/p>\n<p>\u00abEl presente Decreto entrar\u00e1 en vigor el d\u00eda de su publicaci\u00f3n en el Diario Oficial de la Federaci\u00f3n\u00bb, indic\u00f3 el texto, tras se\u00f1alar que el Congreso mexicano deber\u00e1 realizar las reformas a las leyes secundarias en un plazo de 90 d\u00edas.<\/p>\n<p>La presidenta de la C\u00e1mara baja del Congreso mexicano, Kenia L\u00f3pez, inform\u00f3 en sesi\u00f3n del pleno que la reforma aprobada antes por senadores y diputados recibi\u00f3 el aval de la mayor\u00eda de los congresos estatales, por lo que emiti\u00f3 su declaratoria y la envi\u00f3 a la C\u00e1mara alta.<\/p>\n<p>Con lo aprobado, se determina que la jornada laboral ser\u00e1 de 40 horas semanales y que su aplicaci\u00f3n ser\u00e1 gradual hacia 2030, en un modelo donde, por cada seis d\u00edas de trabajo, las personas trabajadoras deber\u00e1n disfrutar de por lo menos un d\u00eda de descanso con goce de salario \u00edntegro.<\/p>\n<p>Cuando por circunstancias extraordinarias deban aumentarse las horas de la jornada, se abonar\u00e1 como salario por este tiempo un 100 % m\u00e1s de lo fijado para las horas ordinarias a partir de 2027.<\/p>\n<p>De acuerdo con los nuevos lineamientos, el trabajo extraordinario no deber\u00e1 exceder las 12 horas en una semana y podr\u00e1n distribuirse en hasta cuatro horas diarias, en un m\u00e1ximo de cuatro d\u00edas en ese periodo.<\/p>\n<p>De prolongar el tiempo extraordinario, los empleadores deber\u00e1n pagar 200 % m\u00e1s del salario que corresponda a las horas de la jornada ordinaria.<\/p>\n<p>Adem\u00e1s, la jornada proh\u00edbe trabajar tiempo extraordinario a las personas menores de 18 a\u00f1os, entre otros puntos.<\/p>\n<h6>Fuente: Tucum\u00e1n Hoy<\/h6>\n","protected":false},"excerpt":{"rendered":"<p>La jornada de trabajo pasa de 48 a 40 horas semanales, en una disposici\u00f3n avalada por la mayor\u00eda de congresos estatales.<\/p>\n","protected":false},"author":2,"featured_media":162195,"comment_status":"closed","ping_status":"closed","sticky":false,"template":"","format":"standard","meta":{"footnotes":""},"categories":[22],"tags":[57],"class_list":["post-162194","post","type-post","status-publish","format-standard","has-post-thumbnail","hentry","category-el-mundo","tag-el-mundo"],"_links":{"self":[{"href":"http:\/\/argentinamunicipal.com.ar\/argentina\/wp-json\/wp\/v2\/posts\/162194","targetHints":{"allow":["GET"]}}],"collection":[{"href":"http:\/\/argentinamunicipal.com.ar\/argentina\/wp-json\/wp\/v2\/posts"}],"about":[{"href":"http:\/\/argentinamunicipal.com.ar\/argentina\/wp-json\/wp\/v2\/types\/post"}],"author":[{"embeddable":true,"href":"http:\/\/argentinamunicipal.com.ar\/argentina\/wp-json\/wp\/v2\/users\/2"}],"replies":[{"embeddable":true,"href":"http:\/\/argentinamunicipal.com.ar\/argentina\/wp-json\/wp\/v2\/comments?post=162194"}],"version-history":[{"count":1,"href":"http:\/\/argentinamunicipal.com.ar\/argentina\/wp-json\/wp\/v2\/posts\/162194\/revisions"}],"predecessor-version":[{"id":162196,"href":"http:\/\/argentinamunicipal.com.ar\/argentina\/wp-json\/wp\/v2\/posts\/162194\/revisions\/162196"}],"wp:featuredmedia":[{"embeddable":true,"href":"http:\/\/argentinamunicipal.com.ar\/argentina\/wp-json\/wp\/v2\/media\/162195"}],"wp:attachment":[{"href":"http:\/\/argentinamunicipal.com.ar\/argentina\/wp-json\/wp\/v2\/media?parent=162194"}],"wp:term":[{"taxonomy":"category","embeddable":true,"href":"http:\/\/argentinamunicipal.com.ar\/argentina\/wp-json\/wp\/v2\/categories?post=162194"},{"taxonomy":"post_tag","embeddable":true,"href":"http:\/\/argentinamunicipal.com.ar\/argentina\/wp-json\/wp\/v2\/tags?post=162194"}],"curies":[{"name":"wp","href":"https:\/\/api.w.org\/{rel}","templated":true}]}}