{"id":162200,"date":"2026-03-06T04:48:52","date_gmt":"2026-03-06T07:48:52","guid":{"rendered":"http:\/\/argentinamunicipal.com.ar\/argentina\/?p=162200"},"modified":"2026-03-05T18:52:42","modified_gmt":"2026-03-05T21:52:42","slug":"mendoza-trabajadores-del-vino-reclaman-por-los-salarios-haran-paro-y-denuncian-una-cartelizacion-de-la-industria","status":"publish","type":"post","link":"http:\/\/argentinamunicipal.com.ar\/argentina\/mendoza-trabajadores-del-vino-reclaman-por-los-salarios-haran-paro-y-denuncian-una-cartelizacion-de-la-industria\/","title":{"rendered":"Mendoza: Trabajadores del vino reclaman por los salarios, har\u00e1n paro y denuncian una cartelizaci\u00f3n de la industria"},"content":{"rendered":"<p>Desde el sindicato de trabajadores de vi\u00f1as y bodegas reclamaron por el aumento del 0,5% mensual que ofrecieron los empresarios y aseguran que la \u00abcrisis del vino\u00bb no es tal.<\/p>\n<p>La Federaci\u00f3n de Obreros y Empleados Vitivin\u00edcolas y Afines (FOEVA) rompi\u00f3 la paritaria. Los\u00a0trabajadores de la vi\u00f1a y las bodegas\u00a0denunciaron que los empresarios les ofrecieron aumentos mensuales de 0,5% y 1% respectivamente, por lo que no solo decidieron bajarse de la mesa de negociaci\u00f3n, sino que\u00a0no trabajar\u00e1n este viernes, en medio de la temporada de cosecha y a un d\u00eda de la celebraci\u00f3n de la Vendimia.<\/p>\n<p>La paritaria comenz\u00f3 con una oferta irrisoria: las c\u00e1maras consideraron pertinente\u00a0aumentar un 1% mensual para\u00a0trabajadores\u00a0de bodegas y no aplicar ning\u00fan tipo de aumento salarial a los empleados de la vi\u00f1a. En una paritaria cuyo acuerdo pretendido se extiende por seis meses. Es decir, que los empleados de la vi\u00f1a no iban a recibir actualizaci\u00f3n alguna en ese periodo.<\/p>\n<p>El sindicato reclam\u00f3 mejoras y en una nueva mesa de negociaci\u00f3n la oferta fue mantener el porcentaje para empleados de bodega y aumentar a un 0,5% la actualizaci\u00f3n para los empleados de vi\u00f1a. Los trabajadores, que en un principio ped\u00edan un piso del 3% para cada actividad, consideraron la oferta una \u00abburla\u00bb y se bajaron de la paritaria.<\/p>\n<p>\u00abLa cifra, m\u00e1s all\u00e1 de ser totalmente insuficiente para el trabajador, es burlesca e irrisoria. Una risa. Te da la pauta de que la parte empresarial no tiene ganas de hacer paritaria y quiere imponer los n\u00fameros que les convengan\u00bb, se\u00f1al\u00f3 Abraham Pereyra, representante sindical. Grafic\u00f3 lo que representaba el aumento para los empleados de la vi\u00f1a: \u00abAl finalizar el acuerdo, ese trabajador estar\u00eda recibiendo aproximadamente\u00a025.000 pesos\u00a0de ac\u00e1 a seis meses. No le alcanza ni para comprar la botella de\u00a0vino\u00bb.<\/p>\n<p><strong>Ruptura y paro<\/strong><br \/>\nDebido al fracaso en estas negociaciones, desde el sindicato se\u00f1alaron que habr\u00e1 un\u00a0paro de trabajadores el pr\u00f3ximo d\u00eda viernes 6, en la antesala a la Vendimia que justamente celebra la actividad. Sin embargo, el cronograma de actividades no se limita a ese d\u00eda y tambi\u00e9n aprovechar\u00e1n la celebraci\u00f3n para visibilizar el reclamo.<\/p>\n<p>Relataron que en este momento se manifiestan frente al aeropuerto, en el marco de la celebraci\u00f3n de la Fiesta de la Cosecha, y tambi\u00e9n lo har\u00e1n en el desayuno de la COVIAR el s\u00e1bado y en el mismo Acto Central. \u00abEsta fiesta es para darle a conocer al mundo lo que est\u00e1 pasando con la\u00a0vitivinicultura, que mientras hay una fiesta tan linda, tan elegante para turistas, los trabajadores, los que cortan la uva, los que mueven las mangueras en las piletas de las bodegas,\u00a0lo est\u00e1n padeciendo mucho\u00bb.<\/p>\n<p><strong>Denunciaron cartelizaci\u00f3n y desmintieron la crisis del vino<\/strong><br \/>\nPor su parte, Abraham Pereyra se\u00f1al\u00f3 que la crisis se explica a partir de una cartelizaci\u00f3n de la industria vitivin\u00edcola en pocas empresas influyentes. \u00abEn la\u00a0actualidad hay 3 o 4 empresas gigantes\u00a0que han monopolizado el mercado vitivin\u00edcola. Son las que deciden cu\u00e1nto se les va a pagar a los trabajadores de vi\u00f1a, al de bodega, son las que deciden a qu\u00e9 precio se va a pagar la uva a los productores, cu\u00e1nto le van a pagar al contratista\u00bb, se\u00f1al\u00f3.<\/p>\n<p>\u00abDe esa manera, nucleando todo ese tipo de decisiones, se han beneficiado perjudicando a los productores chicos, a los contratistas y al \u00faltimo eslab\u00f3n de la cadena que es el obrero de vi\u00f1a y de bodega\u00bb, denunci\u00f3.<\/p>\n<p>En este sentido, se\u00f1alaron que la oferta baja de incremento salarial fue argumentada por las empresas en la denominada crisis del vino. Pero desde el sector empresarial lo desmintieron. De hecho, negaron tambi\u00e9n que, producto del temor al sobre stock, vaya a quedar uva en los vi\u00f1edos.<\/p>\n<p>\u00abDicen que la oferta es\u00a0en un contexto de\u00a0supuesta crisis\u00a0que no hay, porque la excusa era que va a quedar uva en las vi\u00f1as, en las fincas, y eso no est\u00e1 pasando ni va a pasar. Las fincas se siguen cosechando, las bodegas se siguen llenando, siguen moliendo, la producci\u00f3n sigue igual. Hay una ca\u00edda del consumo, pagan muchos impuestos, si. Pero el nivel de crecimiento que han tenido estas 3 o 4 empresas es grande y son las que definen cu\u00e1nto se les paga a las distintas actividades. Ellos se han enriquecido y ha quedado de lado todo el resto de la vitivinicultura, donde los m\u00e1s da\u00f1ados son los obreros\u00bb, cerr\u00f3.<\/p>\n<h6>Fuente: MDZ<\/h6>\n","protected":false},"excerpt":{"rendered":"<p>Desde el sindicato de trabajadores de vi\u00f1as y bodegas reclamaron por el aumento del 0,5% mensual que ofrecieron los empresarios y aseguran que la \u00abcrisis del vino\u00bb no es tal.<\/p>\n","protected":false},"author":2,"featured_media":162201,"comment_status":"closed","ping_status":"closed","sticky":false,"template":"","format":"standard","meta":{"footnotes":""},"categories":[65],"tags":[31],"class_list":["post-162200","post","type-post","status-publish","format-standard","has-post-thumbnail","hentry","category-provincias","tag-mendoza"],"_links":{"self":[{"href":"http:\/\/argentinamunicipal.com.ar\/argentina\/wp-json\/wp\/v2\/posts\/162200","targetHints":{"allow":["GET"]}}],"collection":[{"href":"http:\/\/argentinamunicipal.com.ar\/argentina\/wp-json\/wp\/v2\/posts"}],"about":[{"href":"http:\/\/argentinamunicipal.com.ar\/argentina\/wp-json\/wp\/v2\/types\/post"}],"author":[{"embeddable":true,"href":"http:\/\/argentinamunicipal.com.ar\/argentina\/wp-json\/wp\/v2\/users\/2"}],"replies":[{"embeddable":true,"href":"http:\/\/argentinamunicipal.com.ar\/argentina\/wp-json\/wp\/v2\/comments?post=162200"}],"version-history":[{"count":1,"href":"http:\/\/argentinamunicipal.com.ar\/argentina\/wp-json\/wp\/v2\/posts\/162200\/revisions"}],"predecessor-version":[{"id":162202,"href":"http:\/\/argentinamunicipal.com.ar\/argentina\/wp-json\/wp\/v2\/posts\/162200\/revisions\/162202"}],"wp:featuredmedia":[{"embeddable":true,"href":"http:\/\/argentinamunicipal.com.ar\/argentina\/wp-json\/wp\/v2\/media\/162201"}],"wp:attachment":[{"href":"http:\/\/argentinamunicipal.com.ar\/argentina\/wp-json\/wp\/v2\/media?parent=162200"}],"wp:term":[{"taxonomy":"category","embeddable":true,"href":"http:\/\/argentinamunicipal.com.ar\/argentina\/wp-json\/wp\/v2\/categories?post=162200"},{"taxonomy":"post_tag","embeddable":true,"href":"http:\/\/argentinamunicipal.com.ar\/argentina\/wp-json\/wp\/v2\/tags?post=162200"}],"curies":[{"name":"wp","href":"https:\/\/api.w.org\/{rel}","templated":true}]}}