{"id":162209,"date":"2026-03-06T05:01:06","date_gmt":"2026-03-06T08:01:06","guid":{"rendered":"http:\/\/argentinamunicipal.com.ar\/argentina\/?p=162209"},"modified":"2026-03-05T19:04:02","modified_gmt":"2026-03-05T22:04:02","slug":"los-municipios-saltenos-ya-destinan-el-85-de-su-presupuesto-a-sueldo-y-advierten-que-la-situacion-es-critica","status":"publish","type":"post","link":"http:\/\/argentinamunicipal.com.ar\/argentina\/los-municipios-saltenos-ya-destinan-el-85-de-su-presupuesto-a-sueldo-y-advierten-que-la-situacion-es-critica\/","title":{"rendered":"Los municipios salte\u00f1os ya destinan el 85% de su presupuesto a sueldo y advierten que la situaci\u00f3n es \u00abcr\u00edtica\u00bb"},"content":{"rendered":"<p>El presidente del Foro de Intendentes advirti\u00f3 sobre la ca\u00edda de la coparticipaci\u00f3n y la recesi\u00f3n econ\u00f3mica. Marcelo Mois\u00e9s alert\u00f3 sobre el fuerte deterioro social en el interior: creci\u00f3 la demanda de ayuda alimentaria.<\/p>\n<p>\u00abHoy estamos cerca del 85% del presupuesto destinado al pago de sueldos. Es alt\u00edsimo\u00bb. Con esa definici\u00f3n, el intendente de Apolinario Saravia y presidente del Foro de Intendentes de Salta, Marcelo Mois\u00e9s, describi\u00f3 el delicado escenario financiero que atraviesan las comunas del interior de Salta. Seg\u00fan precis\u00f3, en 2023 ese porcentaje rondaba el 65% o 66%, pero la ca\u00edda de la coparticipaci\u00f3n y el aumento de los costos corrientes modificaron la estructura de gastos.<\/p>\n<p>\u00abLa situaci\u00f3n es muy complicada, demasiado complicada\u00bb, insisti\u00f3. Explic\u00f3 que muchos municipios debieron recurrir a adelantos de coparticipaci\u00f3n para afrontar el pago de aguinaldos y bonos. \u00abSon pr\u00e9stamos que despu\u00e9s se devuelven en cuotas, pero eso implica que tengamos una administraci\u00f3n mucho m\u00e1s prudente\u00bb, se\u00f1al\u00f3 en declaraciones a Radio Salta.<\/p>\n<p>El jefe comunal advirti\u00f3 que el problema no se limita a los salarios. \u00abNo es solamente pagar sueldo en los municipios, sino proveedores y todo lo que significa el gasto corriente, que ha subido bastante: repuestos, luminarias, servicios que tenemos que prestar permanentemente\u00bb, detall\u00f3.<\/p>\n<p><strong>Coparticipaci\u00f3n<\/strong><br \/>\nMois\u00e9s vincul\u00f3 el deterioro financiero con la recesi\u00f3n econ\u00f3mica. Record\u00f3 que los principales impuestos coparticipables son IVA, Ganancias y Bienes Personales. \u00abEl componente m\u00e1s importante es el IVA. Si hay un parate econ\u00f3mico, si las ventas han ca\u00eddo m\u00e1s de un 14%, eso se va a ver reflejado en la coparticipaci\u00f3n\u00bb, explic\u00f3. Si bien indic\u00f3 que entre enero y mayo suelen ser los meses m\u00e1s cr\u00edticos y que luego podr\u00eda registrarse un leve repunte, reconoci\u00f3 que el escenario actual genera incertidumbre. \u00abSi me pregunt\u00e1s personalmente, viendo la baja del consumo y la falta de recuperaci\u00f3n, yo creo que el panorama es bastante cr\u00edtico\u00bb, afirm\u00f3.<\/p>\n<p><strong>Paritaria provincial<\/strong><br \/>\nEn este contexto, los municipios deber\u00e1n acompa\u00f1ar el incremento salarial del 10% acordado por el Gobierno provincial con los gremios estatales para el primer semestre de 2026. El esquema definido es escalonado: 2,9% en febrero, 2% en abril, 2% en mayo y 3,1% en junio, hasta completar el 10% para la primera mitad del a\u00f1o.<\/p>\n<p>Mois\u00e9s confirm\u00f3 que los intendentes seguir\u00e1n esa l\u00ednea en cuanto al porcentaje. \u00abNos adecuamos al porcentaje que da la Provincia. No tenemos trabajadores de segunda\u00bb, sostuvo. Sin embargo, aclar\u00f3 que no pudieron asumir todos los componentes adicionales del acuerdo. \u00abLa Provincia, aparte del porcentaje, da un aumento en dedicaci\u00f3n de 28 mil pesos que para nosotros es casi imposible asumirlo\u00bb, explic\u00f3.<\/p>\n<p><strong>Mois\u00e9s: \u00abAl municipio viene gente con trabajo a pedir ayuda\u00bb<\/strong><br \/>\nM\u00e1s all\u00e1 de las cifras, el presidente del Foro de Intendentes, Marcelo Mois\u00e9s, describi\u00f3 una situaci\u00f3n social que se vive en los municipios a la que calific\u00f3 como cr\u00edtica. \u00abYa hay gente que tiene trabajo en blanco y un sueldo que viene a pedir ayuda a la Municipalidad. Eso ya es cr\u00edtico\u00bb, afirm\u00f3.<\/p>\n<p>Indic\u00f3 que aument\u00f3 la demanda de m\u00f3dulos alimentarios y que en varios barrios volvieron a solicitar la apertura de comedores comunitarios. \u00abYa hab\u00edamos erradicado un poco el tema de los comedores y ahora nos est\u00e1n pidiendo de nuevo que los abramos\u00bb, dijo.<\/p>\n<p><strong>Mois\u00e9s dijo que la gente pide que abran comedores.<\/strong><br \/>\nTambi\u00e9n relat\u00f3 que creci\u00f3 la cantidad de vecinos que solicitan ayuda para pagar servicios b\u00e1sicos. \u00abMucha gente viene a pedirte (a las oficinas municipales) que le ayudemos a pagar la boleta de luz. Hay veces que gran parte de sus ingresos es para pagar la luz\u00bb, sostuvo.<\/p>\n<p>En ese contexto, describi\u00f3 el rol de los intendentes en el interior: \u00abSomos el primer paragolpes. Cuando no hay respuesta de otro lado, la tenemos que dar nosotros\u00bb. Adem\u00e1s, mencion\u00f3 la falta de medicamentos y la llegada de jubilados en busca de asistencia. \u00abM\u00e1s all\u00e1 de lo que digan los indicadores, la realidad es otra cuesti\u00f3n y nosotros la vivimos permanentemente\u00bb, expres\u00f3 el jefe comunal haciendo alusi\u00f3n a la delicada situaci\u00f3n social que se vive en gran parte del pa\u00eds. Es que hay algo claro: la microeconom\u00eda no se recupera y el consumo es bajo, al tiempo que hay mucha gente endeudada.<\/p>\n<p><strong>Debate por las tasas<\/strong><br \/>\nConsultado sobre la discusi\u00f3n nacional en torno a las tasas municipales, Mois\u00e9s defendi\u00f3 la estructura tributaria del interior. \u00abEl promedio de la tasa de alumbrado, barrido y limpieza no excede los 8.000 pesos por catastro. Eso incluye el impuesto inmobiliario urbano\u00bb, explic\u00f3.<\/p>\n<p>Compar\u00f3 esa cifra con el costo real del servicio: \u00abSolo para sacar la basura deber\u00edamos cobrar cerca de 25.000 pesos por catastro\u00bb. Y agreg\u00f3: \u00abVamos a tener que hacer una p\u00e1gina web a ver qui\u00e9n nos quiere colaborar por las tarifas tan bajas que cobramos\u00bb. Con esto hizo alusi\u00f3n a la iniciativa del Gobierno nacional, que sac\u00f3 una web para que la gente denuncie las tasas que le cobran en sus municipios.<\/p>\n<p>Descart\u00f3 aumentos en el corto plazo. \u00abHoy nadie se animar\u00eda, con la situaci\u00f3n que estamos viviendo, a aumentar impuestos. En los pueblos m\u00e1s chicos es el cara a cara; cuando la gente te dice que no puede pagar la luz, uno no se anima\u00bb, concluy\u00f3.<\/p>\n<p>Por \u00faltimo se\u00f1al\u00f3 que muchos municipios ya est\u00e1n cubriendo con recursos propios diferencias vinculadas al IPS para sus trabajadores. \u00abTomamos la decisi\u00f3n desde el Foro de cubrir esa parte con recursos municipales para que puedan tener la cobertura y para que el IPS funcione\u00bb, agreg\u00f3.<\/p>\n<h6>Fuente: El Tribuno<\/h6>\n","protected":false},"excerpt":{"rendered":"<p>El presidente del Foro de Intendentes advirti\u00f3 sobre la ca\u00edda de la coparticipaci\u00f3n y la recesi\u00f3n econ\u00f3mica.\u00a0Marcelo Mois\u00e9s alert\u00f3 sobre el fuerte deterioro social en el interior: creci\u00f3 la demanda de ayuda alimentaria.<\/p>\n","protected":false},"author":2,"featured_media":162210,"comment_status":"closed","ping_status":"closed","sticky":false,"template":"","format":"standard","meta":{"footnotes":""},"categories":[2],"tags":[9],"class_list":["post-162209","post","type-post","status-publish","format-standard","has-post-thumbnail","hentry","category-informe-municipal","tag-salta"],"_links":{"self":[{"href":"http:\/\/argentinamunicipal.com.ar\/argentina\/wp-json\/wp\/v2\/posts\/162209","targetHints":{"allow":["GET"]}}],"collection":[{"href":"http:\/\/argentinamunicipal.com.ar\/argentina\/wp-json\/wp\/v2\/posts"}],"about":[{"href":"http:\/\/argentinamunicipal.com.ar\/argentina\/wp-json\/wp\/v2\/types\/post"}],"author":[{"embeddable":true,"href":"http:\/\/argentinamunicipal.com.ar\/argentina\/wp-json\/wp\/v2\/users\/2"}],"replies":[{"embeddable":true,"href":"http:\/\/argentinamunicipal.com.ar\/argentina\/wp-json\/wp\/v2\/comments?post=162209"}],"version-history":[{"count":1,"href":"http:\/\/argentinamunicipal.com.ar\/argentina\/wp-json\/wp\/v2\/posts\/162209\/revisions"}],"predecessor-version":[{"id":162211,"href":"http:\/\/argentinamunicipal.com.ar\/argentina\/wp-json\/wp\/v2\/posts\/162209\/revisions\/162211"}],"wp:featuredmedia":[{"embeddable":true,"href":"http:\/\/argentinamunicipal.com.ar\/argentina\/wp-json\/wp\/v2\/media\/162210"}],"wp:attachment":[{"href":"http:\/\/argentinamunicipal.com.ar\/argentina\/wp-json\/wp\/v2\/media?parent=162209"}],"wp:term":[{"taxonomy":"category","embeddable":true,"href":"http:\/\/argentinamunicipal.com.ar\/argentina\/wp-json\/wp\/v2\/categories?post=162209"},{"taxonomy":"post_tag","embeddable":true,"href":"http:\/\/argentinamunicipal.com.ar\/argentina\/wp-json\/wp\/v2\/tags?post=162209"}],"curies":[{"name":"wp","href":"https:\/\/api.w.org\/{rel}","templated":true}]}}