{"id":16221,"date":"2014-10-10T09:45:55","date_gmt":"2014-10-10T12:45:55","guid":{"rendered":"http:\/\/argentinamunicipal.com.ar\/argentina\/?p=16221"},"modified":"2014-10-10T09:45:55","modified_gmt":"2014-10-10T12:45:55","slug":"se-reune-en-jujuy-el-comite-de-integracion-chile-noa-norte-grande","status":"publish","type":"post","link":"http:\/\/argentinamunicipal.com.ar\/argentina\/se-reune-en-jujuy-el-comite-de-integracion-chile-noa-norte-grande\/","title":{"rendered":"Se re\u00fane en Jujuy el Comit\u00e9 de Integraci\u00f3n Chile-NOA Norte Grande"},"content":{"rendered":"<div id=\"attachment_16222\" style=\"width: 748px\" class=\"wp-caption aligncenter\"><a href=\"http:\/\/argentinamunicipal.com.ar\/argentina\/wp-content\/uploads\/2014\/10\/0000195966.jpg\"><img loading=\"lazy\" decoding=\"async\" aria-describedby=\"caption-attachment-16222\" class=\" wp-image-16222\" src=\"http:\/\/argentinamunicipal.com.ar\/argentina\/wp-content\/uploads\/2014\/10\/0000195966.jpg\" alt=\"AUTORIDADES MESA PRINCIPAL DEL COMIT\u00c9.\" width=\"738\" height=\"415\" srcset=\"http:\/\/argentinamunicipal.com.ar\/argentina\/wp-content\/uploads\/2014\/10\/0000195966.jpg 1099w, http:\/\/argentinamunicipal.com.ar\/argentina\/wp-content\/uploads\/2014\/10\/0000195966-300x168.jpg 300w, http:\/\/argentinamunicipal.com.ar\/argentina\/wp-content\/uploads\/2014\/10\/0000195966-1024x575.jpg 1024w\" sizes=\"auto, (max-width: 738px) 100vw, 738px\" \/><\/a><p id=\"caption-attachment-16222\" class=\"wp-caption-text\">AUTORIDADES MESA PRINCIPAL DEL COMIT\u00c9.<\/p><\/div>\n<p>Se esbozaron avances previos en vinculaci\u00f3n acad\u00e9mica, el paso fronterizo, promoci\u00f3n tur\u00edstica y m\u00e1s celeridad.<\/p>\n<p>Un nuevo encuentro iniciado ayer renov\u00f3 lazos de integraci\u00f3n de los juje\u00f1os con Chile. Fue en el XXVI Comit\u00e9 de Integraci\u00f3n Fronteriza NOA-Norte Grande que continuar\u00e1 debatiendo hoy, a trav\u00e9s de mesas tem\u00e1ticas, buscando avanzar en la fluidez econ\u00f3mica y cultural. Tambi\u00e9n se anunci\u00f3 una promoci\u00f3n tur\u00edstica en Iquique (Chile).<\/p>\n<p>\u00abM\u00e1s all\u00e1 de las tratativas, de los documentos que se firmen lo importante es avanzar a paso concreto en cosas que beneficien a nuestra provincia y que ayuden en los procesos en los que se viene trabajando hace tanto tiempo. Estas reuniones nos han permitido ir avanzando sobe puntos en concreto y pretendemos que esta reuni\u00f3n sea para eso\u00bb, precis\u00f3 el gobernador Eduardo Fellner al finalizar el lanzamiento.<\/p>\n<p>En su discurso el concepto fue concreto, que la integraci\u00f3n llegar\u00eda el d\u00eda que se puedan llevar tomates producidos en Jujuy a Antofagasta, y traer de all\u00ed pescado. Dijo que muchas de las acciones est\u00e1n vinculadas al desarrollo econ\u00f3mico, por lo que consider\u00f3 que la reactivaci\u00f3n de ferrocarril y las posibilidades de comunicaci\u00f3n no son s\u00f3lo terrestres sino v\u00eda inform\u00e1tica, ya que se trabaja en la integraci\u00f3n con fibra \u00f3ptica.<\/p>\n<p>Se refiri\u00f3 a la lucha para lograr el Paso Fronterizo Integrado, que permite que una carga llegue a Antofagasta, Mejillones o Iquique en 12 horas, mientras la conectividad a\u00e9rea est\u00e1 centralizada por Buenos Aires a Santiago. De hecho destac\u00f3 el avance en miner\u00eda, en vinculaci\u00f3n universitaria y anunci\u00f3 que se inaugurar\u00e1 un puesto de promoci\u00f3n tur\u00edstico de Jujuy en Iquique, y en la Terminal juje\u00f1a una chilena, y esboz\u00f3 la posibilidad de crear una liga regional de f\u00fatbol.<\/p>\n<p>Remarc\u00f3 as\u00ed que son muchos los objetivos que se deben concretar con hechos, una misi\u00f3n que se tom\u00f3 desde las autoridades regionales de Chile y de Argentina contando ambos con el acompa\u00f1amiento presidencial de Michelle Bachelet y Cristina Fern\u00e1ndez. Dijo que existe el entendimiento de que son las regiones las responsables de avanzar en este proceso de integraci\u00f3n.<\/p>\n<p>En tanto, el intendente Regional de Tarapac\u00e1, Mitchel Cartes Tamayo, detall\u00f3 que se busca potenciar ambas regiones del Norte, que en Chile corresponde a Tarapac\u00e1, Arica, Antofagasta y Atacama. Anunci\u00f3 que el pr\u00f3ximo 3 y 4 de diciembre se reunir\u00e1n en la regi\u00f3n Arica y Parinacota para los distintos foros comerciales e industriales para avanzar en el desarrollo provincial y regional, trabajando en programas de descentralizaci\u00f3n<\/p>\n<p>Del acto inaugural tambi\u00e9n particip\u00f3 el embajador argentino en Chile Gin\u00e9s Gonz\u00e1lez Garc\u00eda, la directora y ministra de L\u00edmites y Frontera de Canciller\u00eda Argentina M\u00f3nica Dinucci, el gobernador de El Loa Claudio Lagos y el director de Frontera de la Canciller\u00eda de Chile Anselmo Pommes.<\/p>\n<p>El embajador Gin\u00e9s Gonz\u00e1lez Garc\u00eda anunci\u00f3 que se est\u00e1 trabajando a otra velocidad, por decisi\u00f3n presidencial, avanzando en 13 nuevos pasos en la regi\u00f3n: uno de los cu\u00e1les es Sico (Salta); el ferrocarril Antofagasta- Salta; disminuci\u00f3n de tr\u00e1mites de tarjetas vecinales y la homologaci\u00f3n de t\u00edtulos universitarios rec\u00edprocos entre ambos pa\u00edses. Anticip\u00f3 que \u00e9stos podr\u00edan ser anunciados por las mandatarias cuando se cumplan los 30 a\u00f1os del Tratado de Paz y Amistad, y de los 5 a\u00f1os del Tratado de Cooperaci\u00f3n de Maip\u00fa, que ambas firmaron.<\/p>\n<h6>Fuente: El Tribuno, Jujuy<\/h6>\n","protected":false},"excerpt":{"rendered":"<p>Se esbozaron avances previos en vinculaci\u00f3n acad\u00e9mica, el paso fronterizo, promoci\u00f3n tur\u00edstica y m\u00e1s celeridad. Un nuevo encuentro iniciado ayer renov\u00f3 lazos de integraci\u00f3n de los juje\u00f1os con Chile. Fue en el XXVI Comit\u00e9 de Integraci\u00f3n Fronteriza NOA-Norte Grande que continuar\u00e1 debatiendo hoy, a trav\u00e9s de mesas tem\u00e1ticas, buscando avanzar en la fluidez econ\u00f3mica y<\/p>\n","protected":false},"author":2,"featured_media":16222,"comment_status":"closed","ping_status":"closed","sticky":false,"template":"","format":"standard","meta":{"footnotes":""},"categories":[2],"tags":[25],"class_list":["post-16221","post","type-post","status-publish","format-standard","has-post-thumbnail","hentry","category-informe-municipal","tag-jujuy"],"_links":{"self":[{"href":"http:\/\/argentinamunicipal.com.ar\/argentina\/wp-json\/wp\/v2\/posts\/16221","targetHints":{"allow":["GET"]}}],"collection":[{"href":"http:\/\/argentinamunicipal.com.ar\/argentina\/wp-json\/wp\/v2\/posts"}],"about":[{"href":"http:\/\/argentinamunicipal.com.ar\/argentina\/wp-json\/wp\/v2\/types\/post"}],"author":[{"embeddable":true,"href":"http:\/\/argentinamunicipal.com.ar\/argentina\/wp-json\/wp\/v2\/users\/2"}],"replies":[{"embeddable":true,"href":"http:\/\/argentinamunicipal.com.ar\/argentina\/wp-json\/wp\/v2\/comments?post=16221"}],"version-history":[{"count":0,"href":"http:\/\/argentinamunicipal.com.ar\/argentina\/wp-json\/wp\/v2\/posts\/16221\/revisions"}],"wp:featuredmedia":[{"embeddable":true,"href":"http:\/\/argentinamunicipal.com.ar\/argentina\/wp-json\/wp\/v2\/media\/16222"}],"wp:attachment":[{"href":"http:\/\/argentinamunicipal.com.ar\/argentina\/wp-json\/wp\/v2\/media?parent=16221"}],"wp:term":[{"taxonomy":"category","embeddable":true,"href":"http:\/\/argentinamunicipal.com.ar\/argentina\/wp-json\/wp\/v2\/categories?post=16221"},{"taxonomy":"post_tag","embeddable":true,"href":"http:\/\/argentinamunicipal.com.ar\/argentina\/wp-json\/wp\/v2\/tags?post=16221"}],"curies":[{"name":"wp","href":"https:\/\/api.w.org\/{rel}","templated":true}]}}