{"id":162240,"date":"2026-03-09T19:14:07","date_gmt":"2026-03-09T22:14:07","guid":{"rendered":"http:\/\/argentinamunicipal.com.ar\/argentina\/?p=162240"},"modified":"2026-03-09T19:14:07","modified_gmt":"2026-03-09T22:14:07","slug":"santa-fe-festram-rechazo-el-ofrecimiento-paro-de-48-horas-confirmado","status":"publish","type":"post","link":"http:\/\/argentinamunicipal.com.ar\/argentina\/santa-fe-festram-rechazo-el-ofrecimiento-paro-de-48-horas-confirmado\/","title":{"rendered":"Santa Fe: FESTRAM rechaz\u00f3 el ofrecimiento; paro de 48 horas confirmado"},"content":{"rendered":"<p>En el d\u00eda de la fecha se realiz\u00f3\u00a0la reuni\u00f3n de la mesa paritaria municipal, Ley 9.996. Los Intendentes mantuvieron su postura de un ofrecimiento salarial con los porcentajes establecidos por la Provincia para la paritaria central, pero desconocen los m\u00ednimos ofrecidos por la misma, perjudicando de esta manera directamente el bolsillo del trabajador municipal y su familia.<\/p>\n<p>Los Intendentes ofrecen lo peor de la propuesta trasladada por el Gobierno Provincial a sus empleados, el 12,5% para el primer semestre, pero se niegan a otorgar la garant\u00eda salarial que percibir\u00e1n los agentes provinciales, cuyo m\u00ednimo es de 170.000.<\/p>\n<p>Los porcentajes ofrecidos son:<\/p>\n<p>12,5% para el primer semestre 2026, dividido de la siguiente manera:<\/p>\n<p>2,6% a enero (ya abonado).<\/p>\n<p>2,6% para el mes de abril.<\/p>\n<p>3,3% para el mes de mayo.<\/p>\n<p>4% para el mes de junio.<\/p>\n<p>3% retroactivo por la pol\u00edtica salarial 2025, el cual estaba comprometido en la \u00faltima reuni\u00f3n paritaria.<\/p>\n<p>La\u00a0\u00a0propuesta es inaceptable, por el alcance sobre el salario del trabajador, ya que en algunos casos representa al mes de abril $45.900 de aumento; sumergiendo a los trabajadores municipales y comunales dentro de los \u00edndices de pobreza. No podemos permitir que el ajuste y la recesi\u00f3n s\u00f3lo la pague el sector del trabajo, por lo tanto,\u00a0se confirma el paro de 48 hs para los d\u00edas mi\u00e9rcoles 11 y jueves 12 de marzo.<\/p>\n<h6>Prensa FESTRAM<\/h6>\n","protected":false},"excerpt":{"rendered":"<p>En el d\u00eda de la fecha se realiz\u00f3\u00a0la reuni\u00f3n de la mesa paritaria municipal, Ley 9.996. Los Intendentes mantuvieron su postura de un ofrecimiento salarial con los porcentajes establecidos por la Provincia para la paritaria central<\/p>\n","protected":false},"author":2,"featured_media":162241,"comment_status":"closed","ping_status":"closed","sticky":false,"template":"","format":"standard","meta":{"footnotes":""},"categories":[7],"tags":[10],"class_list":["post-162240","post","type-post","status-publish","format-standard","has-post-thumbnail","hentry","category-informe-sindical","tag-santa-fe"],"_links":{"self":[{"href":"http:\/\/argentinamunicipal.com.ar\/argentina\/wp-json\/wp\/v2\/posts\/162240","targetHints":{"allow":["GET"]}}],"collection":[{"href":"http:\/\/argentinamunicipal.com.ar\/argentina\/wp-json\/wp\/v2\/posts"}],"about":[{"href":"http:\/\/argentinamunicipal.com.ar\/argentina\/wp-json\/wp\/v2\/types\/post"}],"author":[{"embeddable":true,"href":"http:\/\/argentinamunicipal.com.ar\/argentina\/wp-json\/wp\/v2\/users\/2"}],"replies":[{"embeddable":true,"href":"http:\/\/argentinamunicipal.com.ar\/argentina\/wp-json\/wp\/v2\/comments?post=162240"}],"version-history":[{"count":1,"href":"http:\/\/argentinamunicipal.com.ar\/argentina\/wp-json\/wp\/v2\/posts\/162240\/revisions"}],"predecessor-version":[{"id":162242,"href":"http:\/\/argentinamunicipal.com.ar\/argentina\/wp-json\/wp\/v2\/posts\/162240\/revisions\/162242"}],"wp:featuredmedia":[{"embeddable":true,"href":"http:\/\/argentinamunicipal.com.ar\/argentina\/wp-json\/wp\/v2\/media\/162241"}],"wp:attachment":[{"href":"http:\/\/argentinamunicipal.com.ar\/argentina\/wp-json\/wp\/v2\/media?parent=162240"}],"wp:term":[{"taxonomy":"category","embeddable":true,"href":"http:\/\/argentinamunicipal.com.ar\/argentina\/wp-json\/wp\/v2\/categories?post=162240"},{"taxonomy":"post_tag","embeddable":true,"href":"http:\/\/argentinamunicipal.com.ar\/argentina\/wp-json\/wp\/v2\/tags?post=162240"}],"curies":[{"name":"wp","href":"https:\/\/api.w.org\/{rel}","templated":true}]}}