{"id":162246,"date":"2026-03-10T04:50:58","date_gmt":"2026-03-10T07:50:58","guid":{"rendered":"http:\/\/argentinamunicipal.com.ar\/argentina\/?p=162246"},"modified":"2026-03-09T19:25:57","modified_gmt":"2026-03-09T22:25:57","slug":"santa-fe-relanza-el-programa-yo-resuelvo-con-nuevas-herramientas-de-financiamiento-y-capacitacion","status":"publish","type":"post","link":"http:\/\/argentinamunicipal.com.ar\/argentina\/santa-fe-relanza-el-programa-yo-resuelvo-con-nuevas-herramientas-de-financiamiento-y-capacitacion\/","title":{"rendered":"Santa Fe relanza el programa \u00abYo Resuelvo\u00bb con nuevas herramientas de financiamiento y capacitaci\u00f3n"},"content":{"rendered":"<p>El Concejo Municipal present\u00f3 la actualizaci\u00f3n de su plataforma digital de oficios y habilidades. Con m\u00e1s de 250 inscriptos y un promedio de 4.000 visitas mensuales, la iniciativa busca conectar de forma directa a trabajadores independientes con vecinos, sumando ahora apoyo financiero y formaci\u00f3n profesional a trav\u00e9s de convenios con la provincia.<\/p>\n<p>El Concejo Municipal de Santa Fe puso en marcha la edici\u00f3n 2026 de \u00abYo Resuelvo\u00bb, el registro digital p\u00fablico y gratuito que se ha consolidado como una herramienta clave para la econom\u00eda social de la capital provincial. En un contexto donde la demanda de servicios de cercan\u00eda crece, el programa no solo busca ser una vidriera para los trabajadores, sino tambi\u00e9n un motor de profesionalizaci\u00f3n y desarrollo productivo.<\/p>\n<p><strong>Un puente entre el oficio y la necesidad del vecino<\/strong><br \/>\nEl presidente del Concejo,\u00a0Sergio \u201cChecho\u201d Basile, destac\u00f3 que esta nueva etapa del programa responde a un plan de gesti\u00f3n que prioriza el empleo y el emprendedurismo.\u00a0\u00abEstamos muy contentos porque &#8216;Yo Resuelvo 2026&#8217; ya es una idea plasmada en el territorio. Es la continuaci\u00f3n de un programa que ven\u00eda funcionando muy bien y que hoy toma un nuevo impulso dentro de nuestro desaf\u00edo de apostar al desarrollo productivo\u00bb, se\u00f1al\u00f3 Basile.<br \/>\nEl objetivo central es vincular al ciudadano que posee un oficio o profesi\u00f3n con el santafesino que busca soluciones para su vida cotidiana.\u00a0Seg\u00fan el titular del cuerpo deliberativo, la intenci\u00f3n es que los vecinos sean \u00abprotagonistas\u00bb de la reactivaci\u00f3n econ\u00f3mica local a trav\u00e9s del compromiso y el trabajo genuino.<\/p>\n<p><strong>Capacitaci\u00f3n y financiamiento, las novedades de 2026<\/strong><br \/>\nLa \u00abvuelta de rosca\u00bb de este a\u00f1o, como lo definieron las autoridades, reside en el acompa\u00f1amiento integral al trabajador.\u00a0La concejala\u00a0Carolina Capovilla, quien trabaj\u00f3 activamente en la reestructuraci\u00f3n del programa, detall\u00f3 que se han sumado herramientas de formaci\u00f3n en conjunto con el Gobierno Provincial.<\/p>\n<p>\u00abLanzamos un paquete de capacitaciones a trav\u00e9s del programa provincial Impulsa, pero adem\u00e1s creamos &#8216;Yo Resuelvo mi negocio&#8217;, una instancia pensada exclusivamente para que los inscriptos mejoren su administraci\u00f3n financiera y hagan m\u00e1s eficientes sus emprendimientos\u00bb,\u00a0explic\u00f3 Capovilla.<\/p>\n<p>Adem\u00e1s, se confirm\u00f3 que los registrados podr\u00e1n acceder a l\u00edneas de financiamiento espec\u00edficas gestionadas ante los ministerios de Desarrollo Productivo y de Igualdad y Desarrollo Humano de la provincia, facilitando la compra de herramientas o insumos.<\/p>\n<p><strong>\u00bfC\u00f3mo registrarse en Yo Resuelvo?<\/strong><br \/>\nLa plataforma ya cuenta con 250 personas ofreciendo servicios y un flujo constante de 4.000 vistas mensuales. Para quienes deseen sumarse o actualizar sus datos, el\u00a0proceso es sencillo:<br \/>\nIngresar a\u00a0www.yoresuelvo.gob.ar.<br \/>\nSeleccionar la opci\u00f3n \u00abRegistrarse\u00bb y completar los datos personales.<br \/>\nCargar la documentaci\u00f3n requerida, incluyendo el Certificado de Antecedentes Penales (el sitio facilita el link para tramitarlo).<br \/>\nEn la secci\u00f3n \u00abConfiguraci\u00f3n\u00bb, es vital verificar que la opci\u00f3n de WhatsApp est\u00e9 seleccionada para que los clientes puedan contactarse de manera directa.<br \/>\nComo servicio adicional, el Concejo dispuso postas donde los interesados pueden tomarse una fotograf\u00eda profesional para su perfil y recibir asesoramiento para mejorar su biograf\u00eda laboral, haciendo su oferta m\u00e1s atractiva para los usuarios.<\/p>\n<p>Con esta apuesta, el Concejo Municipal no solo digitaliza la oferta de servicios, sino que interviene activamente en la calidad del empleo en Santa Fe. \u00abYo Resuelvo\u00bb deja de ser un simple directorio para transformarse en una pol\u00edtica p\u00fablica de fomento que entiende que, detr\u00e1s de cada oficio, hay un santafesino impulsando el crecimiento de su ciudad.<\/p>\n<h6>Fuente: El Litoral<\/h6>\n","protected":false},"excerpt":{"rendered":"<p>El Concejo Municipal present\u00f3 la actualizaci\u00f3n de su plataforma digital de oficios y habilidades. Con m\u00e1s de 250 inscriptos y un promedio de 4.000 visitas mensuales, la iniciativa busca conectar de forma directa a trabajadores independientes con vecinos<\/p>\n","protected":false},"author":2,"featured_media":162248,"comment_status":"closed","ping_status":"closed","sticky":false,"template":"","format":"standard","meta":{"footnotes":""},"categories":[2],"tags":[10],"class_list":["post-162246","post","type-post","status-publish","format-standard","has-post-thumbnail","hentry","category-informe-municipal","tag-santa-fe"],"_links":{"self":[{"href":"http:\/\/argentinamunicipal.com.ar\/argentina\/wp-json\/wp\/v2\/posts\/162246","targetHints":{"allow":["GET"]}}],"collection":[{"href":"http:\/\/argentinamunicipal.com.ar\/argentina\/wp-json\/wp\/v2\/posts"}],"about":[{"href":"http:\/\/argentinamunicipal.com.ar\/argentina\/wp-json\/wp\/v2\/types\/post"}],"author":[{"embeddable":true,"href":"http:\/\/argentinamunicipal.com.ar\/argentina\/wp-json\/wp\/v2\/users\/2"}],"replies":[{"embeddable":true,"href":"http:\/\/argentinamunicipal.com.ar\/argentina\/wp-json\/wp\/v2\/comments?post=162246"}],"version-history":[{"count":1,"href":"http:\/\/argentinamunicipal.com.ar\/argentina\/wp-json\/wp\/v2\/posts\/162246\/revisions"}],"predecessor-version":[{"id":162249,"href":"http:\/\/argentinamunicipal.com.ar\/argentina\/wp-json\/wp\/v2\/posts\/162246\/revisions\/162249"}],"wp:featuredmedia":[{"embeddable":true,"href":"http:\/\/argentinamunicipal.com.ar\/argentina\/wp-json\/wp\/v2\/media\/162248"}],"wp:attachment":[{"href":"http:\/\/argentinamunicipal.com.ar\/argentina\/wp-json\/wp\/v2\/media?parent=162246"}],"wp:term":[{"taxonomy":"category","embeddable":true,"href":"http:\/\/argentinamunicipal.com.ar\/argentina\/wp-json\/wp\/v2\/categories?post=162246"},{"taxonomy":"post_tag","embeddable":true,"href":"http:\/\/argentinamunicipal.com.ar\/argentina\/wp-json\/wp\/v2\/tags?post=162246"}],"curies":[{"name":"wp","href":"https:\/\/api.w.org\/{rel}","templated":true}]}}