{"id":162253,"date":"2026-03-10T04:40:02","date_gmt":"2026-03-10T07:40:02","guid":{"rendered":"http:\/\/argentinamunicipal.com.ar\/argentina\/?p=162253"},"modified":"2026-03-10T05:26:39","modified_gmt":"2026-03-10T08:26:39","slug":"tension-y-desesperacion-en-lehmann-trabajadores-de-lacteos-veronica-denuncian-abandono-del-gremio","status":"publish","type":"post","link":"http:\/\/argentinamunicipal.com.ar\/argentina\/tension-y-desesperacion-en-lehmann-trabajadores-de-lacteos-veronica-denuncian-abandono-del-gremio\/","title":{"rendered":"Tensi\u00f3n y desesperaci\u00f3n en Lehmann: trabajadores de L\u00e1cteos Ver\u00f3nica denuncian \u00ababandono\u00bb del gremio"},"content":{"rendered":"<p>En una tensa asamblea en Lehmann, los empleados exigieron respuestas a la dirigencia de ATILRA y a los due\u00f1os de la firma. Denuncian que la empresa redujo la jornada al 50% y que subsisten gracias a la ayuda social del municipio.<\/p>\n<p>La crisis de L\u00e1cteos Ver\u00f3nica sum\u00f3 este viernes un cap\u00edtulo de m\u00e1xima tensi\u00f3n en la localidad de Lehmann. Lo que comenz\u00f3 como una concentraci\u00f3n pac\u00edfica para visibilizar la par\u00e1lisis de la planta, deriv\u00f3 en un duro descargo de los trabajadores hacia la conducci\u00f3n gremial y la patronal. Los empleados, que llevan meses sin cobrar sus haberes con normalidad, denuncian que se sienten \u00abtotalmente abandonados\u00bb en medio de un escenario que pone en riesgo el sustento de 700 familias.<\/p>\n<p>El malestar escal\u00f3 tras la llegada de nuevos telegramas donde la empresa comunica una\u00a0reducci\u00f3n de la jornada laboral a 4 horas\u00a0(el 50 % del horario habitual) para los meses de marzo y abril, bajo la promesa de gestionar materia prima. \u00abNo les creemos m\u00e1s, hace un a\u00f1o que nos vienen mintiendo\u00bb, sentenci\u00f3 uno de los operarios con m\u00e1s de 30 a\u00f1os de antig\u00fcedad en la firma.<\/p>\n<p><strong>Cr\u00edticas directas a la conducci\u00f3n de ATILRA<\/strong><br \/>\nUno de los puntos m\u00e1s \u00e1lgidos de la jornada fue el reclamo hacia el secretario general de ATILRA Rafaela, Domingo \u00abMingo\u00bb Possetto. Los trabajadores cuestionaron la falta de respuestas tras las \u00faltimas audiencias y tildaron de \u00abcirco\u00bb las intervenciones previas del sindicato.<\/p>\n<p>\u00abEl gremio no solamente no nos est\u00e1 representando, sino que nos est\u00e1 dejando en una situaci\u00f3n muy compleja. Pareciera que ya sab\u00edan de los telegramas porque ten\u00edan las contestaciones armadas antes de que nos lleguen\u00bb, expres\u00f3 \u00c1ngel, uno de los voceros de la asamblea. \u00abNecesitamos que los dirigentes se pongan al frente y traigan soluciones, no que vengan a dividirnos\u00bb, agreg\u00f3 con vehemencia.<\/p>\n<p><strong>Situaci\u00f3n econ\u00f3mica extrema: deudas millonarias<\/strong><br \/>\nEl impacto en la econom\u00eda familiar es devastador. Seg\u00fan el testimonio de los trabajadores, la empresa adeuda sueldos de\u00a0diciembre, enero, febrero y el aguinaldo. \u00abEl mes pasado nos depositaron migajas, apenas 50 mil pesos. A la mayor\u00eda nos deben entre\u00a09 y 10 millones de pesos\u00bb, relat\u00f3 otro empleado, quien adem\u00e1s detall\u00f3 que la firma quit\u00f3 el transporte para quienes viajan desde Rafaela, oblig\u00e1ndolos a costear el traslado con sus propios veh\u00edculos en medio de la falta de pago.<\/p>\n<p>Vanesa, otra de las trabajadoras presentes, hizo un llamado desesperado a los propietarios: \u00abP\u00f3nganse la mano en el coraz\u00f3n y piensen en las 700 familias que est\u00e1n dejando en la calle. Queremos trabajo digno y sueldos dignos\u00bb.<\/p>\n<p><strong>Contenci\u00f3n local frente al silencio gremial<\/strong><br \/>\nEn contraste con las cr\u00edticas al sindicato, los trabajadores destacaron el acompa\u00f1amiento del\u00a0Gobierno Municipal de Rafaela\u00a0y de la\u00a0Comuna de Lehmann. A pesar de las diferencias pol\u00edticas, los empleados se\u00f1alaron que se sintieron \u00abm\u00e1s contenidos\u00bb por el poder pol\u00edtico local, que ha facilitado la entrega de\u00a0bolsones de alimentos y kits escolares\u00a0para que sus hijos puedan iniciar las clases.<\/p>\n<p>\u00abSi tienen que poner un candado que lo hagan, pero que tomen una decisi\u00f3n. No podemos esperar un minuto m\u00e1s\u00bb, cerraron los manifestantes, quienes aseguraron que permanecer\u00e1n firmes frente a la f\u00e1brica hasta obtener una respuesta concreta sobre el futuro de la fuente de trabajo.<\/p>\n<h6>Fuente: rafaelanoticias.com<\/h6>\n","protected":false},"excerpt":{"rendered":"<p>En una tensa asamblea en Lehmann, los empleados exigieron respuestas a la dirigencia de ATILRA y a los due\u00f1os de la firma. Denuncian que la empresa redujo la jornada al 50% y que subsisten gracias a la ayuda social del municipio<\/p>\n","protected":false},"author":2,"featured_media":162278,"comment_status":"closed","ping_status":"closed","sticky":false,"template":"","format":"standard","meta":{"footnotes":""},"categories":[2],"tags":[10],"class_list":["post-162253","post","type-post","status-publish","format-standard","has-post-thumbnail","hentry","category-informe-municipal","tag-santa-fe"],"_links":{"self":[{"href":"http:\/\/argentinamunicipal.com.ar\/argentina\/wp-json\/wp\/v2\/posts\/162253","targetHints":{"allow":["GET"]}}],"collection":[{"href":"http:\/\/argentinamunicipal.com.ar\/argentina\/wp-json\/wp\/v2\/posts"}],"about":[{"href":"http:\/\/argentinamunicipal.com.ar\/argentina\/wp-json\/wp\/v2\/types\/post"}],"author":[{"embeddable":true,"href":"http:\/\/argentinamunicipal.com.ar\/argentina\/wp-json\/wp\/v2\/users\/2"}],"replies":[{"embeddable":true,"href":"http:\/\/argentinamunicipal.com.ar\/argentina\/wp-json\/wp\/v2\/comments?post=162253"}],"version-history":[{"count":1,"href":"http:\/\/argentinamunicipal.com.ar\/argentina\/wp-json\/wp\/v2\/posts\/162253\/revisions"}],"predecessor-version":[{"id":162255,"href":"http:\/\/argentinamunicipal.com.ar\/argentina\/wp-json\/wp\/v2\/posts\/162253\/revisions\/162255"}],"wp:featuredmedia":[{"embeddable":true,"href":"http:\/\/argentinamunicipal.com.ar\/argentina\/wp-json\/wp\/v2\/media\/162278"}],"wp:attachment":[{"href":"http:\/\/argentinamunicipal.com.ar\/argentina\/wp-json\/wp\/v2\/media?parent=162253"}],"wp:term":[{"taxonomy":"category","embeddable":true,"href":"http:\/\/argentinamunicipal.com.ar\/argentina\/wp-json\/wp\/v2\/categories?post=162253"},{"taxonomy":"post_tag","embeddable":true,"href":"http:\/\/argentinamunicipal.com.ar\/argentina\/wp-json\/wp\/v2\/tags?post=162253"}],"curies":[{"name":"wp","href":"https:\/\/api.w.org\/{rel}","templated":true}]}}