{"id":162256,"date":"2026-03-09T19:35:12","date_gmt":"2026-03-09T22:35:12","guid":{"rendered":"http:\/\/argentinamunicipal.com.ar\/argentina\/?p=162256"},"modified":"2026-03-09T19:35:12","modified_gmt":"2026-03-09T22:35:12","slug":"trabajar-mas-ganar-menos-la-desigualdad-que-atraviesa-a-las-mujeres-saltenas","status":"publish","type":"post","link":"http:\/\/argentinamunicipal.com.ar\/argentina\/trabajar-mas-ganar-menos-la-desigualdad-que-atraviesa-a-las-mujeres-saltenas\/","title":{"rendered":"Trabajar m\u00e1s, ganar menos: la desigualdad que atraviesa a las mujeres salte\u00f1as"},"content":{"rendered":"<p>Un informe del Observatorio de Violencia contra las Mujeres de Salta muestra que la participaci\u00f3n femenina en el mercado laboral sigue siendo significativamente menor que la masculina y que persisten brechas salariales de hasta el 40%. La Asamblea Lesbotransfeminista convoc\u00f3 a una protesta en la Ciudad Judicial por la ma\u00f1ana y por la tarde, una movilizaci\u00f3n en la plaza 9 de Julio de la capital salte\u00f1a.<\/p>\n<p>En la provincia de Salta,\u00a0las desigualdades de g\u00e9nero en el mundo del trabajo siguen siendo una marca estructural. Los datos actualizados al tercer trimestre de 2025, difundidos por el\u00a0Observatorio de Violencia contra las Mujeres (OVcM)\u00a0en su dossier estad\u00edstico por el D\u00eda Internacional de la Mujer Trabajadora, evidencian que la brecha entre mujeres y varones persiste en pr\u00e1cticamente todos los indicadores del mercado laboral.<\/p>\n<p>Por su parte, la\u00a0Asamblea Lesbotransfeminista de Salta\u00a0llam\u00f3 a movilizarse este lunes, con dos momentos centrales. El primero ser\u00e1\u00a0a partir de las 9, frente a la Ciudad Judicial, donde organizaciones feministas y familiares de v\u00edctimas de violencia de g\u00e9nero reclamar\u00e1n por las respuestas del sistema judicial. M\u00e1s tarde,\u00a0a las 17, se realizar\u00e1 una radio abierta en plaza 9 de Julio, previa a la\u00a0marcha que recorrer\u00e1 el centro de la ciudad y pasar\u00e1 por la Legislatura provincial.<\/p>\n<p>El informe del Observatorio muestra que la primera diferencia en la brecha entre varones y mujeres aparece incluso antes de conseguir empleo: en el acceso al mercado de trabajo. Seg\u00fan el informe, la tasa de actividad femenina en la provincia se ubica en un 48,6%, mientras que en los varones alcanza el 64,1%, una diferencia de 15,5 puntos porcentuales.<\/p>\n<p>Detr\u00e1s de esa brecha se encuentran factores estructurales que siguen organizando la vida social, como las tareas de cuidado, el trabajo dom\u00e9stico no remunerado y las dificultades para compatibilizar empleo y responsabilidades familiares. Ante ello, muchas mujeres quieren trabajar, pero no siempre pueden hacerlo en las condiciones que exige el mercado laboral.<\/p>\n<p><strong>El peso invisible de los cuidados<\/strong><br \/>\nUno de los factores centrales que explica estas desigualdades es la distribuci\u00f3n del trabajo de cuidados. A nivel nacional, las mujeres dedican en promedio\u00a0tres horas m\u00e1s por d\u00eda al trabajo dom\u00e9stico y de cuidados no remunerado que los varones, seg\u00fan el informe del Centro de Econom\u00eda Pol\u00edtica Argentina (CEPA).<\/p>\n<p>Esta sobrecarga impacta directamente en la posibilidad de insertarse laboralmente, aceptar jornadas completas o acceder a empleos mejor remunerados. El fen\u00f3meno se traduce en\u00a0trayectorias laborales m\u00e1s interrumpidas, empleos informales o de tiempo parcial.<\/p>\n<p>Las consecuencias econ\u00f3micas son claras: las mujeres participan menos del mercado laboral, pero adem\u00e1s lo hacen en condiciones m\u00e1s precarias.<\/p>\n<p><strong>M\u00e1s desempleo, m\u00e1s precariedad<\/strong><br \/>\nLos datos tambi\u00e9n dan a conocer que cuando las mujeres logran insertarse en el mercado laboral enfrentan mayores niveles de vulnerabilidad. En el plano nacional, la tasa de desocupaci\u00f3n femenina alcanza el\u00a07,4%, mientras que en los varones es del\u00a05,9%, una brecha de\u00a01,5 puntos porcentuales.<\/p>\n<p>La informalidad tambi\u00e9n impacta m\u00e1s en ellas:\u00a038% de las mujeres trabajan en condiciones informales frente al 35,5% de los varones.<\/p>\n<p>En Salta, el Observatorio advirti\u00f3 que\u00a0las mujeres adem\u00e1s se concentran en sectores laborales con salarios m\u00e1s bajos, como el trabajo dom\u00e9stico, los servicios y las actividades vinculadas al cuidado. Esto reproduce una din\u00e1mica conocida, donde los sectores m\u00e1s feminizados son tambi\u00e9n los peor remunerados.<\/p>\n<p><strong>Brechas salariales persistentes<\/strong><br \/>\nLa desigualdad se vuelve a\u00fan m\u00e1s evidente cuando se observan los ingresos. En la provincia, las mujeres cobran\u00a0entre un 15% y un 40% menos que los varones, seg\u00fan el dossier del Observatorio.<\/p>\n<p>A nivel nacional, el an\u00e1lisis del CEPA confirma la misma tendencia, llevando a que los ingresos masculinos sean\u00a0entre 27,3% y 29% mayores\u00a0que los de las mujeres.<\/p>\n<p>La brecha se ampl\u00eda a\u00fan m\u00e1s en el empleo informal, donde alcanza el\u00a040%, una diferencia que se explica por la precarizaci\u00f3n laboral y la concentraci\u00f3n femenina en actividades peor remuneradas.<\/p>\n<p>Esta desigualdad salarial no solo afecta el presente. Tambi\u00e9n impacta en las trayectorias de largo plazo, como el acceso a jubilaciones o la acumulaci\u00f3n de patrimonio.<\/p>\n<p><strong>El techo de cristal, tambi\u00e9n en Salta<\/strong><br \/>\nLas mujeres tampoco logran acceder en igualdad de condiciones a los puestos de decisi\u00f3n. En la provincia, ocupan\u00a0solo alrededor del 20% de los cargos de direcci\u00f3n o jerarqu\u00eda, lo que refleja la persistencia del llamado \u201ctecho de cristal\u201d.<\/p>\n<p>El fen\u00f3meno describe las barreras invisibles que dificultan el acceso de las mujeres a posiciones de poder dentro de organizaciones, empresas o instituciones. Si bien, en los \u00faltimos a\u00f1os se increment\u00f3 la presencia femenina en distintos \u00e1mbitos laborales, el acceso a los espacios de conducci\u00f3n sigue siendo desigual.<\/p>\n<p><strong>Feminizaci\u00f3n de la pobreza<\/strong><br \/>\nEl informe econ\u00f3mico del CEPA agreg\u00f3 otro dato clave para comprender la dimensi\u00f3n social del problema:\u00a0las mujeres representan el 64,2% de las personas con menores ingresos\u00a0en Argentina.<\/p>\n<p>Este fen\u00f3meno es conocido como\u00a0feminizaci\u00f3n de la pobreza, pues las mujeres est\u00e1n sobrerrepresentadas en los sectores de menores recursos y subrepresentadas entre quienes concentran mayores ingresos.<\/p>\n<p>La contracara de ese proceso es lo que el informe denomin\u00f3\u00a0\u201cmasculinizaci\u00f3n de la riqueza\u201d, ya que en los niveles m\u00e1s altos de ingreso predominan los varones.<\/p>\n<p>Entonces, la desigualdad de g\u00e9nero no solo se expresa en el acceso al trabajo sino tambi\u00e9n en la distribuci\u00f3n de la riqueza.<\/p>\n<p><strong>Pol\u00edticas p\u00fablicas en retroceso<\/strong><br \/>\nEl informe del CEPA tambi\u00e9n advirti\u00f3 que el contexto econ\u00f3mico reciente profundiza estas desigualdades. Desde el inicio del gobierno de Javier Milei, diversos programas destinados a reducir brechas laborales o asistir a mujeres en situaciones de violencia\u00a0tuvieron fuertes recortes presupuestarios o directamente dejaron de existir.<\/p>\n<p>Entre ellos figuran iniciativas orientadas a la formalizaci\u00f3n laboral o a la reducci\u00f3n de desigualdades en sectores altamente feminizados.<\/p>\n<p>En paralelo, programas de asistencia a v\u00edctimas de violencia de g\u00e9nero tambi\u00e9n registraron ca\u00eddas significativas en su alcance. Un claro ejemplo fue el Programa Acompa\u00f1ar, que pas\u00f3 de asistir a\u00a0103.892 personas en 2023 a apenas 432 en 2024, una reducci\u00f3n del\u00a099,6%.<\/p>\n<p>Para el CEPA, estas pol\u00edticas econ\u00f3micas no afectan a toda la poblaci\u00f3n de la misma manera, sino que\u00a0tienden a profundizar las desigualdades preexistentes entre varones y mujeres.<\/p>\n<p><strong>Un diagn\u00f3stico que se repite cada 8 de marzo<\/strong><br \/>\nCada 8 de marzo vuelve a aparecer el mismo diagn\u00f3stico:\u00a0las mujeres participan menos del mercado laboral, tienen mayores tasas de informalidad, cobran menos y dedican m\u00e1s tiempo a tareas de cuidado. Tanto los datos del Observatorio de Violencia contra las Mujeres de Salta como el an\u00e1lisis econ\u00f3mico del CEPA muestran que esas desigualdades no son coyunturales ni circunstanciales, sino que son estructurales.<\/p>\n<p>En ese contexto, organizaciones feministas y de diversidades llaman a una jornada de movilizaci\u00f3n en la ciudad de Salta.\u00a0\u201cCada 35 horas una mujer fallece en el marco de un femicidio, y el Estado es responsable por omisi\u00f3n\u201d, expres\u00f3\u00a0Sof\u00eda Fern\u00e1ndez, referenta del movimiento lesbo-transfeminista de Salta, quien convoc\u00f3 a la jornada de protesta que se realizar\u00e1 este lunes 9.<\/p>\n<p>La convocatoria tendr\u00e1 dos momentos centrales. El primero ser\u00e1\u00a0a las 9 de la ma\u00f1ana frente a la Ciudad Judicial, donde la Asamblea Lesbotransfeminista, organizaciones feministas y familiares de v\u00edctimas de violencia de g\u00e9nero buscar\u00e1n interpelar directamente al sistema de justicia por las demoras en los procesos, la falta de perspectiva de g\u00e9nero y las respuestas insuficientes frente a las denuncias de violencia.<\/p>\n<p>Fern\u00e1ndez tambi\u00e9n apunt\u00f3 contra la falta de paridad en los espacios de poder institucional. \u201cLa paridad no existe en la Justicia, ni en la Legislatura, ni en las mesas de poder\u201d, afirm\u00f3. En ese marco, critic\u00f3 adem\u00e1s la designaci\u00f3n de\u00a0Ada Zunino como defensora General de la provincia. Dijo que la exjueza niega la violencia de g\u00e9nero. \u201cDe ninguna manera una persona con esas caracter\u00edsticas puede ser defensora oficial\u201d, sostuvo.<\/p>\n<p>M\u00e1s tarde, a las 17, se realizar\u00e1 una\u00a0radio abierta en plaza 9 de Julio, previa a la\u00a0marcha que recorrer\u00e1 el centro de la ciudad y pasar\u00e1 por la Legislatura provincial.<\/p>\n<p>La elecci\u00f3n del d\u00eda lunes, en plena jornada laboral, no es casual. \u201cSi no nos ven, queremos que nos vean\u201d, explic\u00f3 Fern\u00e1ndez, al se\u00f1alar la necesidad de visibilizar la situaci\u00f3n de mujeres y diversidades en un contexto que describi\u00f3 como alarmante.<\/p>\n<p>La militante tambi\u00e9n denunci\u00f3 el avance de una agenda de desfinanciamiento de las pol\u00edticas de g\u00e9nero, mencionando la desaparici\u00f3n del Ministerio de Mujeres, G\u00e9neros y Diversidad\u00a0de la Naci\u00f3n y el hecho de que el \u00e1rea de g\u00e9nero en la provincia haya sido degradada de Secretar\u00eda a Subsecretar\u00eda, lo que deriva en el debilitamiento de programas vinculados a la prevenci\u00f3n de la violencia y la igualdad laboral.<\/p>\n<p>El movimiento feminista llega a esta jornada\u00a0tras una semana de actividades, que incluy\u00f3 pa\u00f1uelazos en defensa de la Educaci\u00f3n Sexual Integral (ESI), la presentaci\u00f3n de un proyecto de visibilidad l\u00e9sbica en la Legislatura provincial y denuncias p\u00fablicas por decisiones institucionales vinculadas a pol\u00edticas de g\u00e9nero.<\/p>\n<h6>Fuente: P\u00e1gina 12<\/h6>\n","protected":false},"excerpt":{"rendered":"<p>Un informe del Observatorio de Violencia contra las Mujeres de Salta muestra que la participaci\u00f3n femenina en el mercado laboral sigue siendo significativamente menor que la masculina y que persisten brechas salariales de hasta el 40%.<\/p>\n","protected":false},"author":2,"featured_media":162257,"comment_status":"closed","ping_status":"closed","sticky":false,"template":"","format":"standard","meta":{"footnotes":""},"categories":[65],"tags":[9],"class_list":["post-162256","post","type-post","status-publish","format-standard","has-post-thumbnail","hentry","category-provincias","tag-salta"],"_links":{"self":[{"href":"http:\/\/argentinamunicipal.com.ar\/argentina\/wp-json\/wp\/v2\/posts\/162256","targetHints":{"allow":["GET"]}}],"collection":[{"href":"http:\/\/argentinamunicipal.com.ar\/argentina\/wp-json\/wp\/v2\/posts"}],"about":[{"href":"http:\/\/argentinamunicipal.com.ar\/argentina\/wp-json\/wp\/v2\/types\/post"}],"author":[{"embeddable":true,"href":"http:\/\/argentinamunicipal.com.ar\/argentina\/wp-json\/wp\/v2\/users\/2"}],"replies":[{"embeddable":true,"href":"http:\/\/argentinamunicipal.com.ar\/argentina\/wp-json\/wp\/v2\/comments?post=162256"}],"version-history":[{"count":1,"href":"http:\/\/argentinamunicipal.com.ar\/argentina\/wp-json\/wp\/v2\/posts\/162256\/revisions"}],"predecessor-version":[{"id":162258,"href":"http:\/\/argentinamunicipal.com.ar\/argentina\/wp-json\/wp\/v2\/posts\/162256\/revisions\/162258"}],"wp:featuredmedia":[{"embeddable":true,"href":"http:\/\/argentinamunicipal.com.ar\/argentina\/wp-json\/wp\/v2\/media\/162257"}],"wp:attachment":[{"href":"http:\/\/argentinamunicipal.com.ar\/argentina\/wp-json\/wp\/v2\/media?parent=162256"}],"wp:term":[{"taxonomy":"category","embeddable":true,"href":"http:\/\/argentinamunicipal.com.ar\/argentina\/wp-json\/wp\/v2\/categories?post=162256"},{"taxonomy":"post_tag","embeddable":true,"href":"http:\/\/argentinamunicipal.com.ar\/argentina\/wp-json\/wp\/v2\/tags?post=162256"}],"curies":[{"name":"wp","href":"https:\/\/api.w.org\/{rel}","templated":true}]}}