{"id":162262,"date":"2026-03-10T04:38:49","date_gmt":"2026-03-10T07:38:49","guid":{"rendered":"http:\/\/argentinamunicipal.com.ar\/argentina\/?p=162262"},"modified":"2026-03-09T19:41:02","modified_gmt":"2026-03-09T22:41:02","slug":"colombia-el-pacto-historico-de-petro-refuerza-su-poder-con-la-mayor-bancada-en-el-senado","status":"publish","type":"post","link":"http:\/\/argentinamunicipal.com.ar\/argentina\/colombia-el-pacto-historico-de-petro-refuerza-su-poder-con-la-mayor-bancada-en-el-senado\/","title":{"rendered":"Colombia: el Pacto Hist\u00f3rico de Petro refuerza su poder con la mayor bancada en el Senado"},"content":{"rendered":"<p>Adem\u00e1s del Congreso, los colombianos eligieron a candidatos para las elecciones presidenciales de mayo.<\/p>\n<p>Los colombianos eligieron un\u00a0nuevo Congreso\u00a0en unas elecciones que miden la temperatura a dos meses de las presidenciales, en las que la izquierda de Gustavo Petro aspira a conservar el poder.\u00a0El oficialista Pacto Hist\u00f3rico refuerza su poder con la mayor votaci\u00f3n en el Senado al conseguir el 22% de los votos con el 74% de las mesas informadas.\u00a0Con esa tendencia, la fuerza puede pasar de 20 a 25 esca\u00f1os. Al partido gobernante le sigue el\u00a0Centro Democr\u00e1tico, el partido del expresidente \u00c1lvaro Uribe, con el 15% de los votos.<\/p>\n<p>Este domingo, adem\u00e1s, se votaron consultas interpartidistas presidenciales. La\u00a0senadora Paloma Valencia, del uribista Centro Democr\u00e1tico, gan\u00f3 por abrumadora mayor\u00eda \u2018La gran consulta por Colombia\u2019 en la que participaron nueve postulantes, con lo cual\u00a0ser\u00e1 candidata de la derecha en las presidenciales\u00a0del pr\u00f3ximo 31 de mayo. Con el 94,94 % de las mesas escrutadas, Valencia obten\u00eda el 45,75 % de los votos contabilizados hasta ahora en esa consulta y aventajaba en boletas a su rival m\u00e1s cercano, Juan Daniel Oviedo, que sumaba el 17,82 %.<\/p>\n<p>La exalcaldesa de Bogot\u00e1, Claudia L\u00f3pez, fue elegida como la candidata de la \u2018Consulta de las soluciones: salud, seguridad y educaci\u00f3n\u2019, una coalici\u00f3n de centro, para las elecciones presidenciales. L\u00f3pez, del movimiento Imparables, acumul\u00f3 el 8,14% de los votos, mientras que su \u00fanico contendiente, Leonardo Huerta, suma apenas 0,62%. La exalcaldesa no ten\u00eda rival, pese a la competencia con Huerta, un desconocido que acept\u00f3 entrar en la disputa para que pudiera haber consulta, ante la negativa a participar del exalcalde de Medell\u00edn, Sergio Fajardo, referente de la centroderecha en la \u00faltima d\u00e9cada y con dos candidaturas presidenciales en su equipaje. Ahora va por la tercera.<\/p>\n<p>El exsenador y exembajador de Colombia en el Reino Unido Roy Barreras fue elegido este domingo como candidato a la Presidencia del \u2018Frente por la Vida\u2019, la consulta organizada por sectores de la\u00a0izquierda,\u00a0en la que no particip\u00f3 el senador Iv\u00e1n Cepeda, del oficialista Pacto Hist\u00f3rico. Barreras, del movimiento \u2018Solo con Roy ganamos todos\u2019, acumula 3,61% de los votos, mientras que el exalcalde de Medell\u00edn Daniel Quintero llega a 3,21% de votos.<\/p>\n<p>Iv\u00e1n Cepeda,\u00a0candidato del Pacto Hist\u00f3rico, el centroderechista\u00a0Sergio Fajardo\u00a0y el\u00a0ultraderechista Abelardo de la Espriella\u00a0no participaron en las elecciones interpartidistas, pero se presentar\u00e1n directamente en la primera vuelta presidencial de de mayo. En caso de que ning\u00fan candidato obtenga la mitad m\u00e1s uno de los votos v\u00e1lidos, los dos primeros ir\u00e1n a un balotaje el 21 de junio.<\/p>\n<h6>Fuente: P\u00e1gina 12<\/h6>\n","protected":false},"excerpt":{"rendered":"<p>Adem\u00e1s del Congreso, los colombianos eligieron a candidatos para las elecciones presidenciales de mayo.<\/p>\n","protected":false},"author":2,"featured_media":162263,"comment_status":"closed","ping_status":"closed","sticky":false,"template":"","format":"standard","meta":{"footnotes":""},"categories":[22],"tags":[57],"class_list":["post-162262","post","type-post","status-publish","format-standard","has-post-thumbnail","hentry","category-el-mundo","tag-el-mundo"],"_links":{"self":[{"href":"http:\/\/argentinamunicipal.com.ar\/argentina\/wp-json\/wp\/v2\/posts\/162262","targetHints":{"allow":["GET"]}}],"collection":[{"href":"http:\/\/argentinamunicipal.com.ar\/argentina\/wp-json\/wp\/v2\/posts"}],"about":[{"href":"http:\/\/argentinamunicipal.com.ar\/argentina\/wp-json\/wp\/v2\/types\/post"}],"author":[{"embeddable":true,"href":"http:\/\/argentinamunicipal.com.ar\/argentina\/wp-json\/wp\/v2\/users\/2"}],"replies":[{"embeddable":true,"href":"http:\/\/argentinamunicipal.com.ar\/argentina\/wp-json\/wp\/v2\/comments?post=162262"}],"version-history":[{"count":1,"href":"http:\/\/argentinamunicipal.com.ar\/argentina\/wp-json\/wp\/v2\/posts\/162262\/revisions"}],"predecessor-version":[{"id":162264,"href":"http:\/\/argentinamunicipal.com.ar\/argentina\/wp-json\/wp\/v2\/posts\/162262\/revisions\/162264"}],"wp:featuredmedia":[{"embeddable":true,"href":"http:\/\/argentinamunicipal.com.ar\/argentina\/wp-json\/wp\/v2\/media\/162263"}],"wp:attachment":[{"href":"http:\/\/argentinamunicipal.com.ar\/argentina\/wp-json\/wp\/v2\/media?parent=162262"}],"wp:term":[{"taxonomy":"category","embeddable":true,"href":"http:\/\/argentinamunicipal.com.ar\/argentina\/wp-json\/wp\/v2\/categories?post=162262"},{"taxonomy":"post_tag","embeddable":true,"href":"http:\/\/argentinamunicipal.com.ar\/argentina\/wp-json\/wp\/v2\/tags?post=162262"}],"curies":[{"name":"wp","href":"https:\/\/api.w.org\/{rel}","templated":true}]}}