{"id":16227,"date":"2014-10-10T09:54:58","date_gmt":"2014-10-10T12:54:58","guid":{"rendered":"http:\/\/argentinamunicipal.com.ar\/argentina\/?p=16227"},"modified":"2014-10-10T09:54:58","modified_gmt":"2014-10-10T12:54:58","slug":"llego-el-primer-grupo-de-refugiados-sirios-uruguay","status":"publish","type":"post","link":"http:\/\/argentinamunicipal.com.ar\/argentina\/llego-el-primer-grupo-de-refugiados-sirios-uruguay\/","title":{"rendered":"Lleg\u00f3 el primer grupo de refugiados sirios a Uruguay"},"content":{"rendered":"<p>&nbsp;<\/p>\n<p><a href=\"http:\/\/argentinamunicipal.com.ar\/argentina\/wp-content\/uploads\/2014\/10\/el-presidente-uruguayo-jose-mujica-i-recibe-refugiados-sirios-que-llegan-montevideo-efepresidencia-uruguay-i01530003698102100000000.jpg\"><img loading=\"lazy\" decoding=\"async\" class=\"alignleft  wp-image-16229\" src=\"http:\/\/argentinamunicipal.com.ar\/argentina\/wp-content\/uploads\/2014\/10\/el-presidente-uruguayo-jose-mujica-i-recibe-refugiados-sirios-que-llegan-montevideo-efepresidencia-uruguay-i01530003698102100000000.jpg\" alt=\"el-presidente-uruguayo-jose-mujica-i-recibe-refugiados-sirios-que-llegan-montevideo-efepresidencia-uruguay-i01530003698102100000000\" width=\"500\" height=\"500\" srcset=\"http:\/\/argentinamunicipal.com.ar\/argentina\/wp-content\/uploads\/2014\/10\/el-presidente-uruguayo-jose-mujica-i-recibe-refugiados-sirios-que-llegan-montevideo-efepresidencia-uruguay-i01530003698102100000000.jpg 610w, http:\/\/argentinamunicipal.com.ar\/argentina\/wp-content\/uploads\/2014\/10\/el-presidente-uruguayo-jose-mujica-i-recibe-refugiados-sirios-que-llegan-montevideo-efepresidencia-uruguay-i01530003698102100000000-150x150.jpg 150w, http:\/\/argentinamunicipal.com.ar\/argentina\/wp-content\/uploads\/2014\/10\/el-presidente-uruguayo-jose-mujica-i-recibe-refugiados-sirios-que-llegan-montevideo-efepresidencia-uruguay-i01530003698102100000000-300x300.jpg 300w, http:\/\/argentinamunicipal.com.ar\/argentina\/wp-content\/uploads\/2014\/10\/el-presidente-uruguayo-jose-mujica-i-recibe-refugiados-sirios-que-llegan-montevideo-efepresidencia-uruguay-i01530003698102100000000-50x50.jpg 50w\" sizes=\"auto, (max-width: 500px) 100vw, 500px\" \/><\/a>El presidente fue al aeropuerto a darles la bienvenida tras un viaje de dos d\u00edas.<\/p>\n<p>Despu\u00e9s de varios meses de espera, finalmente las cinco familias refugiadas sirias llegaron este jueves a Uruguay, cerca de las 11:30, tal como estaba previsto.<\/p>\n<p>El primer grupo, compuesto por 42 personas, arrib\u00f3 al aeropuerto internacional de Carrasco de la capital uruguaya de Montevideo en un vuelo de la aerol\u00ednea Air France.<\/p>\n<p>La mayor parte de ellos son ni\u00f1os y adolescentes, el principal requisito que exigieron las autoridades uruguayas a la hora de realizar la selecci\u00f3n. El grupo est\u00e1 integrado por cinco familias: una de 14 integrantes, otra de 12, dos familias con seis integrantes cada una, y una \u00faltima, de cuatro, informaron en los \u00faltimos d\u00edas fuentes del Gobierno.<\/p>\n<p>El presidente de la Rep\u00fablica, Jos\u00e9 Mujica, encabez\u00f3 la delegaci\u00f3n que aguardaba a los refugiados que buscan escapar de la guerra civil de su pa\u00eds. Adem\u00e1s del mandatario, estuvieron presentes el canciller Luis Almagro y el secretario de Derechos Humanos de Presidencia, Javier Miranda.<\/p>\n<p>Tambi\u00e9n formaron parte de la delegaci\u00f3n el actor uruguayo Osvaldo Laport, embajador de Acnur, y cuatro int\u00e9rpretes.<\/p>\n<p>La llegada estuvo rodeada de un estricto operativo de seguridad que impidi\u00f3 el ingreso de la prensa a la Base A\u00e9rea vecina al aeropuerto, a donde fueron trasladados apenas llegaron.<\/p>\n<p>El grupo parti\u00f3 el martes pasado desde el L\u00edbano, acompa\u00f1ado de m\u00e9dicos, tres traductores, representantes de la Canciller\u00eda uruguaya y el secretario de Derechos Humanos de Uruguay, Javier Miranda.<\/p>\n<p>Ya en suelo uruguayo, ser\u00e1n trasladados a un hogar de los hermanos Maristas de Uruguay, donde seg\u00fan el plan vivir\u00e1n durante dos meses. Durante este per\u00edodo, recibir\u00e1n clases de espa\u00f1ol y se buscar\u00e1 que conozcan la cultura uruguaya, adem\u00e1s de capacitar a los adultos para que puedan sumarse al mercado laboral.<\/p>\n<p>El 69 por ciento de los uruguayos est\u00e1 de acuerdo con la llegada de las familias sirias, seg\u00fan una encuesta de la consultora Cifra difundida el jueves por el semanario B\u00fasqueda.<\/p>\n<h3>\u00abUna vida tranquila y en paz\u00bb<\/h3>\n<p>Ubicada a aproximadamente media hora del centro de Montevideo, en un barrio humilde, la casa de 14 habitaciones y amplios salones comunes est\u00e1 rodeada de un parque arbolado y canchas de f\u00fatbol.<\/p>\n<p>En la zona, la mayor\u00eda de los vecinos sabe de la llegada de los refugiados, de la cual se enteraron a trav\u00e9s de los medios de prensa.<\/p>\n<p>\u00abMe parece bien\u00bb que el pa\u00eds reciba a estas familias, dijo Fernando Silva, un empleado de 44 a\u00f1os, que se manifest\u00f3 \u00abcontento por la gente que viene\u00bb.<\/p>\n<p>A su vez, Claudia Rodr\u00edguez, un ama de casa de 41 a\u00f1os, conf\u00eda en que los refugiados sirios puedan salir adelante en Uruguay. \u00abDespu\u00e9s de todo lo que han sufrido, pienso que ac\u00e1 se les puede dar una vida tranquila y en paz, que pueden tener una vida normal, como todos\u00bb, se\u00f1al\u00f3.<\/p>\n<p>Por su lado, V\u00edctor Agostini, de 45 a\u00f1os, precis\u00f3: \u00abTodo el mundo tiene que colaborar con esa gente, porque son pacifistas, como todos nosotros\u00bb; mientras que Mat\u00edas Gonz\u00e1lez, de 17 a\u00f1os, destac\u00f3: \u00abSon ni\u00f1os y necesitan ayuda del Uruguay, y eso lo podemos dar\u00bb.<\/p>\n<p>Menos optimista es Manish, un indio de 30 a\u00f1os que instal\u00f3 su empresa en el barrio y advierte que no es una zona segura para los reci\u00e9n llegados.<\/p>\n<p>Las instalaciones de los maristas \u00abpodr\u00edan ser un buen lugar\u00bb para quedarse un tiempo, pero el barrio \u00abno es muy seguro\u00bb, sostiene, recordando que hace un a\u00f1o le dispararon y robaron cuando iba en su auto.<\/p>\n<p>William Emilio Ara\u00fajo, alba\u00f1il de 60 a\u00f1os, cree, en tanto, que \u00abtodos los pa\u00edses deber\u00edan hacer lo mismo\u00bb que Uruguay y recibir a refugiados de guerra.<\/p>\n<h3>\u00abSe puede\u00bb<\/h3>\n<p>Uruguay es el primer pa\u00eds de la regi\u00f3n en implementar un plan de reasentamiento de este tipo, que elabor\u00f3 en coordinaci\u00f3n con Acnur (Alto Comisionado de las Naciones Unidas para los Refugiados) y con el respaldo de la Organizaci\u00f3n Internacional de las Migraciones (OIM).<\/p>\n<p>El ambicioso programa -que implica ayudar a las familias a conseguir trabajo y vivienda y asistirlas durante dos a\u00f1os- le costar\u00e1 al pa\u00eds sudamericano entre 2,5 y 3 millones de d\u00f3lares.<\/p>\n<p>En una segunda etapa, est\u00e1 prevista la llegada de otros 80 refugiados a fines de febrero de 2015.<\/p>\n<p>\u00abEs un programa de reasentamiento, no de migraci\u00f3n. Pueden regresar cuando quieran a Siria\u00bb, explic\u00f3 en una entrevista reciente Javier Miranda, secretario de Derechos Humanos de Uruguay.<\/p>\n<p>Al igual que el presidente Mujica, Miranda conf\u00eda en que otras naciones repliquen la experiencia. \u00abHay una voluntad de Uruguay, no de dar ejemplo, sino de decir &#8216;an\u00edmense, se puede'\u00bb, expres\u00f3.<\/p>\n<p>Tras m\u00e1s de tres a\u00f1os de sangrienta guerra civil y el m\u00e1s reciente avance de los yihadistas del grupo Estado Isl\u00e1mico (ISIS), el n\u00famero de refugiados sirios ya super\u00f3 los tres millones, seg\u00fan cifras de Acnur.<\/p>\n<h6>Fuente: El Tribuno, Jujuy<\/h6>\n","protected":false},"excerpt":{"rendered":"<p>&nbsp; El presidente fue al aeropuerto a darles la bienvenida tras un viaje de dos d\u00edas. Despu\u00e9s de varios meses de espera, finalmente las cinco familias refugiadas sirias llegaron este jueves a Uruguay, cerca de las 11:30, tal como estaba previsto. El primer grupo, compuesto por 42 personas, arrib\u00f3 al aeropuerto internacional de Carrasco de<\/p>\n","protected":false},"author":2,"featured_media":16229,"comment_status":"closed","ping_status":"closed","sticky":false,"template":"","format":"standard","meta":{"footnotes":""},"categories":[22],"tags":[57],"class_list":["post-16227","post","type-post","status-publish","format-standard","has-post-thumbnail","hentry","category-el-mundo","tag-el-mundo"],"_links":{"self":[{"href":"http:\/\/argentinamunicipal.com.ar\/argentina\/wp-json\/wp\/v2\/posts\/16227","targetHints":{"allow":["GET"]}}],"collection":[{"href":"http:\/\/argentinamunicipal.com.ar\/argentina\/wp-json\/wp\/v2\/posts"}],"about":[{"href":"http:\/\/argentinamunicipal.com.ar\/argentina\/wp-json\/wp\/v2\/types\/post"}],"author":[{"embeddable":true,"href":"http:\/\/argentinamunicipal.com.ar\/argentina\/wp-json\/wp\/v2\/users\/2"}],"replies":[{"embeddable":true,"href":"http:\/\/argentinamunicipal.com.ar\/argentina\/wp-json\/wp\/v2\/comments?post=16227"}],"version-history":[{"count":0,"href":"http:\/\/argentinamunicipal.com.ar\/argentina\/wp-json\/wp\/v2\/posts\/16227\/revisions"}],"wp:featuredmedia":[{"embeddable":true,"href":"http:\/\/argentinamunicipal.com.ar\/argentina\/wp-json\/wp\/v2\/media\/16229"}],"wp:attachment":[{"href":"http:\/\/argentinamunicipal.com.ar\/argentina\/wp-json\/wp\/v2\/media?parent=16227"}],"wp:term":[{"taxonomy":"category","embeddable":true,"href":"http:\/\/argentinamunicipal.com.ar\/argentina\/wp-json\/wp\/v2\/categories?post=16227"},{"taxonomy":"post_tag","embeddable":true,"href":"http:\/\/argentinamunicipal.com.ar\/argentina\/wp-json\/wp\/v2\/tags?post=16227"}],"curies":[{"name":"wp","href":"https:\/\/api.w.org\/{rel}","templated":true}]}}