{"id":162272,"date":"2026-03-11T04:49:07","date_gmt":"2026-03-11T07:49:07","guid":{"rendered":"http:\/\/argentinamunicipal.com.ar\/argentina\/?p=162272"},"modified":"2026-03-09T19:54:01","modified_gmt":"2026-03-09T22:54:01","slug":"la-ofensiva-de-milei-contra-las-tasas-desata-una-rebelion-de-intendentes-bonaerenses","status":"publish","type":"post","link":"http:\/\/argentinamunicipal.com.ar\/argentina\/la-ofensiva-de-milei-contra-las-tasas-desata-una-rebelion-de-intendentes-bonaerenses\/","title":{"rendered":"La ofensiva de Milei contra las tasas desata una rebeli\u00f3n de intendentes bonaerenses"},"content":{"rendered":"<p>La Libertad Avanza impulsa eliminar tributos en m\u00e1s de 100 municipios bonaerenses y abre un frente de alto voltaje con jefes comunales que alertan por el financiamiento de servicios b\u00e1sicos.Jefes comunales de distintos partidos advierten que una quita de esos tributos podr\u00eda comprometer la prestaci\u00f3n de servicios b\u00e1sicos.<\/p>\n<p>La ofensiva de La Libertad Avanza para eliminar o reducir tasas municipales en m\u00e1s de un centenar de distritos de la provincia de Buenos Aires ya empez\u00f3 a generar repercusiones pol\u00edticas y advertencias de los intendentes. En medio de un escenario econ\u00f3mico delicado para las finanzas locales, jefes comunales de distintos partidos advierten que una quita de esos tributos podr\u00eda comprometer la prestaci\u00f3n de servicios b\u00e1sicos y profundizar la crisis de recursos que atraviesan las comunas.<\/p>\n<p>La iniciativa libertaria busca trasladar al plano local el discurso de reducci\u00f3n impositiva impulsado por el presidente Javier Milei, pero el debate abri\u00f3 un nuevo frente de conflicto entre la Casa Rosada, la oposici\u00f3n provincial y los municipios.<\/p>\n<p>El plan contempla la presentaci\u00f3n de proyectos en\u00a0116 municipios bonaerenses\u00a0para eliminar\u00a0138 tasas municipales y reducir otras 122. La estrategia, coordinada por dirigentes y concejales del espacio, apunta a instalar el debate sobre la presi\u00f3n fiscal local.<\/p>\n<p>Sin embargo, desde los gobiernos municipales advierten que la discusi\u00f3n ignora el contexto econ\u00f3mico actual y el rol que cumplen los municipios en la prestaci\u00f3n de servicios.\u00a0\u201cHay dirigentes que est\u00e1n en la Capital Federal y no saben lo que es un municipio\u201d, sostuvo un intendente radical.<\/p>\n<p>Las cr\u00edticas de los intendentes se producen en un momento particularmente complejo para las finanzas municipales. Como inform\u00f3 GRUPOLAPROVINCIA.COM, en distintas aperturas de sesiones legislativas, jefes comunales de distintos espacios pol\u00edticos alertaron sobre la ca\u00edda de recursos.<\/p>\n<p>El intendente de\u00a0Trenque Lauquen,\u00a0Francisco Recoulat, revel\u00f3 que a fines de febrero el municipio hab\u00eda recibido apenas\u00a0el 50% de los fondos previstos.\u00a0\u201cEso nos obliga a un esfuerzo enorme para sostener servicios y salarios\u201d, explic\u00f3.<\/p>\n<p>En el conurbano, el intendente de\u00a0Esteban Echeverr\u00eda,\u00a0Fernando Gray, indic\u00f3 que la\u00a0recaudaci\u00f3n municipal cay\u00f3 un 30%, mientras que la demanda de atenci\u00f3n en el hospital local creci\u00f3 en la misma proporci\u00f3n.<\/p>\n<p>La situaci\u00f3n tambi\u00e9n se refleja en el interior. En\u00a0Tandil, el gobierno local inform\u00f3 que la cobrabilidad de tasas cay\u00f3 al\u00a056%, cuando hist\u00f3ricamente superaba el\u00a075%, lo que implic\u00f3 una p\u00e9rdida estimada de\u00a0m\u00e1s de 6.500 millones de pesos\u00a0entre menor coparticipaci\u00f3n y deudas acumuladas.<\/p>\n<p>El intendente de\u00a0San Pedro,\u00a0Cecilio Salazar, describi\u00f3 un panorama similar y asegur\u00f3 que la ca\u00edda de recursos genera una fuerte preocupaci\u00f3n.\u00a0\u201cSe ha ca\u00eddo estrepitosamente la recaudaci\u00f3n de tasas y la coparticipaci\u00f3n\u201d, afirm\u00f3.<\/p>\n<p><strong>El planteo libertario contra la presi\u00f3n fiscal local<\/strong><br \/>\nDesde La Libertad Avanza sostienen que los municipios aplican tributos excesivos que no siempre tienen una contraprestaci\u00f3n clara para los contribuyentes.\u00a0El presidente del partido en la provincia y diputado nacional\u00a0Sebasti\u00e1n Pareja\u00a0afirm\u00f3 que el objetivo es interpelar directamente a los gobiernos locales.<\/p>\n<p>\u201cLos bonaerenses pagan cada vez m\u00e1s tasas, pero reciben servicios deficientes, infraestructura deteriorada y escasa eficiencia en la gesti\u00f3n\u201d, sostuvo.<\/p>\n<p>Seg\u00fan el relevamiento presentado por el espacio,\u00a0el 81% de las tasas municipales no tendr\u00eda una contraprestaci\u00f3n directa identificable.<\/p>\n<p>El informe tambi\u00e9n menciona ejemplos de al\u00edcuotas que consideran elevadas, como la tasa que pagan los hipermercados en distintos distritos:\u00a06% en Lan\u00fas, 4,5% en Pilar y 3,74% en Quilmes.<\/p>\n<p><strong>El debate llega a la Legislatura bonaerense<\/strong><br \/>\nLa discusi\u00f3n sobre la eliminaci\u00f3n de tasas municipales tambi\u00e9n gener\u00f3 repercusiones en la Legislatura bonaerense.\u00a0El diputado provincial de la UCR\u00a0Diego Garciarena\u00a0cuestion\u00f3 que el debate se concentre en los municipios y reclam\u00f3 discutir una reforma tributaria m\u00e1s amplia.<\/p>\n<p>\u201c\u00bfPor qu\u00e9 en lugar de atacar a los municipios y las tasas municipales no arrancan por una reforma tributaria nacional y otra provincial?\u201d,\u00a0plante\u00f3.<\/p>\n<p>Para el legislador radical, los gobiernos locales suelen convertirse en el primer nivel del Estado que recibe las demandas de los vecinos y, en muchos casos, deben asumir funciones que otros niveles de gobierno abandonan.\u00a0\u201cNo hay que cortar el hilo por lo m\u00e1s delgado\u201d, advirti\u00f3.<\/p>\n<p><strong>Cruces pol\u00edticos por el financiamiento de los municipios<\/strong><br \/>\nEl conflicto por las tasas municipales tambi\u00e9n provoc\u00f3 cruces entre dirigentes del oficialismo nacional y referentes del peronismo.\u00a0La diputada provincial y exintendenta de Quilmes\u00a0Mayra Mendoza\u00a0cuestion\u00f3 la ofensiva libertaria y acus\u00f3 al gobierno nacional de haber retirado recursos clave para los municipios.<\/p>\n<p>Seg\u00fan la dirigente de La C\u00e1mpora, muchas tasas municipales se utilizan para cubrir \u00e1reas donde el Estado nacional dej\u00f3 de intervenir, como obras p\u00fablicas, seguridad o salud.<\/p>\n<p>En respuesta, el vocero presidencial\u00a0Manuel Adorni\u00a0defendi\u00f3 las pol\u00edticas del gobierno y sostuvo que el debate apunta a transparentar la presi\u00f3n fiscal que enfrentan los contribuyentes.<\/p>\n<p><strong>Una discusi\u00f3n que reabre el debate fiscal<\/strong><br \/>\nLa ofensiva libertaria para eliminar tasas municipales abri\u00f3 una discusi\u00f3n de fondo sobre el sistema tributario y el financiamiento del Estado local.<\/p>\n<p>Mientras La Libertad Avanza busca instalar el debate sobre la presi\u00f3n fiscal en los municipios, los intendentes advierten que una reducci\u00f3n abrupta de esos tributos podr\u00eda afectar servicios esenciales y profundizar las dificultades econ\u00f3micas de las comunas.<\/p>\n<p>Con proyectos present\u00e1ndose en decenas de Concejos Deliberantes y un clima pol\u00edtico cada vez m\u00e1s tenso, la discusi\u00f3n por las tasas municipales promete escalar en los pr\u00f3ximos meses y convertirse en uno de los ejes centrales de la agenda pol\u00edtica bonaerense.<\/p>\n<h6>Fuente: grupolaprovincia.com<\/h6>\n","protected":false},"excerpt":{"rendered":"<p>La Libertad Avanza impulsa eliminar tributos en m\u00e1s de 100 municipios bonaerenses y abre un frente de alto voltaje con jefes comunales que alertan por el financiamiento de servicios b\u00e1sicos.<\/p>\n","protected":false},"author":2,"featured_media":162273,"comment_status":"closed","ping_status":"closed","sticky":false,"template":"","format":"standard","meta":{"footnotes":""},"categories":[2],"tags":[12],"class_list":["post-162272","post","type-post","status-publish","format-standard","has-post-thumbnail","hentry","category-informe-municipal","tag-buenos-aires"],"_links":{"self":[{"href":"http:\/\/argentinamunicipal.com.ar\/argentina\/wp-json\/wp\/v2\/posts\/162272","targetHints":{"allow":["GET"]}}],"collection":[{"href":"http:\/\/argentinamunicipal.com.ar\/argentina\/wp-json\/wp\/v2\/posts"}],"about":[{"href":"http:\/\/argentinamunicipal.com.ar\/argentina\/wp-json\/wp\/v2\/types\/post"}],"author":[{"embeddable":true,"href":"http:\/\/argentinamunicipal.com.ar\/argentina\/wp-json\/wp\/v2\/users\/2"}],"replies":[{"embeddable":true,"href":"http:\/\/argentinamunicipal.com.ar\/argentina\/wp-json\/wp\/v2\/comments?post=162272"}],"version-history":[{"count":1,"href":"http:\/\/argentinamunicipal.com.ar\/argentina\/wp-json\/wp\/v2\/posts\/162272\/revisions"}],"predecessor-version":[{"id":162274,"href":"http:\/\/argentinamunicipal.com.ar\/argentina\/wp-json\/wp\/v2\/posts\/162272\/revisions\/162274"}],"wp:featuredmedia":[{"embeddable":true,"href":"http:\/\/argentinamunicipal.com.ar\/argentina\/wp-json\/wp\/v2\/media\/162273"}],"wp:attachment":[{"href":"http:\/\/argentinamunicipal.com.ar\/argentina\/wp-json\/wp\/v2\/media?parent=162272"}],"wp:term":[{"taxonomy":"category","embeddable":true,"href":"http:\/\/argentinamunicipal.com.ar\/argentina\/wp-json\/wp\/v2\/categories?post=162272"},{"taxonomy":"post_tag","embeddable":true,"href":"http:\/\/argentinamunicipal.com.ar\/argentina\/wp-json\/wp\/v2\/tags?post=162272"}],"curies":[{"name":"wp","href":"https:\/\/api.w.org\/{rel}","templated":true}]}}