{"id":162275,"date":"2026-03-10T04:42:22","date_gmt":"2026-03-10T07:42:22","guid":{"rendered":"http:\/\/argentinamunicipal.com.ar\/argentina\/?p=162275"},"modified":"2026-03-09T19:56:42","modified_gmt":"2026-03-09T22:56:42","slug":"crisis-sin-fin-en-la-industria-informe-revela-que-se-pierden-160-empleos-por-dia-en-el-sector","status":"publish","type":"post","link":"http:\/\/argentinamunicipal.com.ar\/argentina\/crisis-sin-fin-en-la-industria-informe-revela-que-se-pierden-160-empleos-por-dia-en-el-sector\/","title":{"rendered":"Crisis sin fin en la industria: informe revela que se pierden 160 empleos por d\u00eda en el sector"},"content":{"rendered":"<p>Un estudio de la Facultad de Ciencias Econ\u00f3micas de la UBA advierte una fuerte crisis industrial desde el comienzo de la gesti\u00f3n de Javier Milei<\/p>\n<p>Un informe de la Facultad de Ciencias Econ\u00f3micas de la UBA alert\u00f3 sobre\u00a0\u201cs\u00edntomas alarmantes\u201d\u00a0de crisis en el sector industrial argentino, con ca\u00edda de la producci\u00f3n, p\u00e9rdida de empleo y menor peso del sector en la econom\u00eda.<\/p>\n<p>El documento fue elaborado por el \u00c1rea de Estudios Sobre la Industria Argentina y Latinoamericana (AESIAL) y el Centro de Estudios de Historia Econ\u00f3mica Argentina y Latinoamericana (CEHEAL), y analiza la evoluci\u00f3n del sector entre 2023 y 2025.<\/p>\n<p><strong>El dato que preocupa a la industria<\/strong><br \/>\nUno de los datos m\u00e1s importantes del informe es la fuerte reducci\u00f3n del peso de la industria dentro del Producto Bruto Interno (PBI). Seg\u00fan el informe, la participaci\u00f3n industrial pas\u00f3 del\u00a016,5% en 2023 al 13,7% en 2025, un nivel que se asemeja al que ten\u00eda la Argentina\u00a0antes de la Segunda Guerra Mundial, hace m\u00e1s de 80 a\u00f1os.<\/p>\n<p>Adem\u00e1s, el relevamiento se\u00f1ala que\u00a022 de los 24 sectores industriales\u00a0registraron ca\u00eddas en su valor agregado entre mediados de 2023 y mediados de 2025, lo que refleja una crisis extendida dentro de la estructura productiva.<\/p>\n<p><strong>Creci\u00f3 la econom\u00eda pero baj\u00f3 fuerte la industria<\/strong><br \/>\nEntre el tercer trimestre de 2023 y el mismo per\u00edodo de 2025, la econom\u00eda argentina creci\u00f3 apenas\u00a01,3%, mientras que la industria registr\u00f3 una\u00a0ca\u00edda del 8,3%.<\/p>\n<p><strong>El informe tambi\u00e9n identifica otros sectores que sufrieron retrocesos:<\/strong><\/p>\n<p>Construcci\u00f3n: -14,1%<br \/>\nPesca: -24,6%<br \/>\nComercio: -5,2%<\/p>\n<p><strong>En contraste, algunas actividades mostraron un fuerte crecimiento:<\/strong><\/p>\n<p>Sector financiero: +25,2%<br \/>\nMiner\u00eda: +17,9%<br \/>\nAgro: +14,1%<\/p>\n<p><strong>Menos empleo: el dato que preocupa a todos<\/strong><br \/>\nOtro indicador cr\u00edtico es el nivel de utilizaci\u00f3n de las f\u00e1bricas. Durante 2024 y 2025, el uso de la\u00a0capacidad instalada de la industria se ubic\u00f3 por debajo del 60%, lo que implica m\u00e1s de\u00a040% de capacidad ociosa.<\/p>\n<p>En paralelo, el informe advierte sobre una fuerte destrucci\u00f3n de empleo industrial. Desde noviembre de 2023 se perdieron\u00a0alrededor de 100.000 puestos de trabajo, lo que equivale a\u00a0unos 160 empleos menos por d\u00eda\u00a0en el sector.<\/p>\n<p><strong>Cu\u00e1les son los sectores m\u00e1s golpeados<\/strong><br \/>\nEntre las ramas industriales que registraron las mayores ca\u00eddas \u2013entre\u00a020% y 25%\u2013\u00a0se encuentran:<\/p>\n<p>metalurgia<br \/>\ncalzado<br \/>\ncurtiembres<br \/>\nindustrias vinculadas a la construcci\u00f3n<\/p>\n<p>En tanto, algunos sectores mostraron mayor resistencia, aunque tambi\u00e9n registraron retrocesos menores, como la\u00a0industria alimenticia, las\u00a0tabacaleras\u00a0y la\u00a0industria del transporte.<\/p>\n<p><strong>Menos exportaciones industriales y m\u00e1s commodities<\/strong><br \/>\nEl estudio tambi\u00e9n detecta un proceso de\u00a0simplificaci\u00f3n exportadora. Las exportaciones industriales de mayor valor agregado \u2013conocidas como MOI\u2013 cayeron al\u00a028% del total exportado por la industria, cuando en 2011 hab\u00edan alcanzado un pico hist\u00f3rico del\u00a035%.<\/p>\n<p>Esto implica que la canasta exportadora del sector se concentra cada vez m\u00e1s en\u00a0alimentos y commodities, con menor contenido tecnol\u00f3gico y menor generaci\u00f3n de empleo.<\/p>\n<p>Seg\u00fan el informe, el sector industrial tambi\u00e9n enfrenta un\u00a0recorte en el apoyo estatal. En el Presupuesto 2026, los recursos y exenciones destinados a la industria registraron una\u00a0reducci\u00f3n del 40%.<\/p>\n<p>Los investigadores se\u00f1alan que el apoyo p\u00fablico se concentr\u00f3 principalmente en el\u00a0R\u00e9gimen de Incentivo a las Grandes Inversiones (RIGI), orientado a grandes proyectos de capital extranjero vinculados a\u00a0energ\u00eda, miner\u00eda y siderurgia.<\/p>\n<p><strong>Estado de alerta<\/strong><br \/>\nEl documento advierte adem\u00e1s sobre la situaci\u00f3n del sector de\u00a0bienes de capital, considerado estrat\u00e9gico para el desarrollo industrial. Entre 2023 y 2025, la\u00a0producci\u00f3n local cay\u00f3 casi 25%, mientras que las\u00a0importaciones crecieron 77%.<\/p>\n<p>A esto se suma el impacto del\u00a0Decreto 273\/2025, que flexibiliz\u00f3 la importaci\u00f3n de maquinaria agr\u00edcola usada. Entre mayo y octubre de 2025, estas importaciones se\u00a0multiplicaron por ocho\u00a0respecto al mismo per\u00edodo de 2024.<\/p>\n<p>Los autores del informe advierten que esta tendencia podr\u00eda afectar el desempe\u00f1o del\u00a0complejo nacional de fabricantes de maquinaria agr\u00edcola.<\/p>\n<p><strong>Retroceso de cuatro d\u00e9cadas<\/strong><br \/>\nFinalmente, el estudio concluye que el\u00a0PBI industrial per c\u00e1pita\u00a0registr\u00f3 un fuerte deterioro: el nivel actual es\u00a0similar al de 1985, lo que implica un retroceso de aproximadamente\u00a040 a\u00f1os\u00a0en t\u00e9rminos de producci\u00f3n industrial por habitante.<\/p>\n<p>Los investigadores advierten que estos indicadores reflejan un proceso de\u00a0desindustrializaci\u00f3n\u00a0que, de profundizarse, podr\u00eda tener impactos estructurales en el empleo, la producci\u00f3n y el perfil exportador de la econom\u00eda argentina.<\/p>\n<h6>Fuente: El Ciudadano<\/h6>\n<p>&nbsp;<\/p>\n","protected":false},"excerpt":{"rendered":"<p>Un estudio de la Facultad de Ciencias Econ\u00f3micas de la UBA advierte una fuerte crisis industrial desde el comienzo de la gesti\u00f3n de Javier Milei<\/p>\n","protected":false},"author":2,"featured_media":162276,"comment_status":"closed","ping_status":"closed","sticky":false,"template":"","format":"standard","meta":{"footnotes":""},"categories":[8],"tags":[21],"class_list":["post-162275","post","type-post","status-publish","format-standard","has-post-thumbnail","hentry","category-informe-nacional","tag-argentina"],"_links":{"self":[{"href":"http:\/\/argentinamunicipal.com.ar\/argentina\/wp-json\/wp\/v2\/posts\/162275","targetHints":{"allow":["GET"]}}],"collection":[{"href":"http:\/\/argentinamunicipal.com.ar\/argentina\/wp-json\/wp\/v2\/posts"}],"about":[{"href":"http:\/\/argentinamunicipal.com.ar\/argentina\/wp-json\/wp\/v2\/types\/post"}],"author":[{"embeddable":true,"href":"http:\/\/argentinamunicipal.com.ar\/argentina\/wp-json\/wp\/v2\/users\/2"}],"replies":[{"embeddable":true,"href":"http:\/\/argentinamunicipal.com.ar\/argentina\/wp-json\/wp\/v2\/comments?post=162275"}],"version-history":[{"count":1,"href":"http:\/\/argentinamunicipal.com.ar\/argentina\/wp-json\/wp\/v2\/posts\/162275\/revisions"}],"predecessor-version":[{"id":162277,"href":"http:\/\/argentinamunicipal.com.ar\/argentina\/wp-json\/wp\/v2\/posts\/162275\/revisions\/162277"}],"wp:featuredmedia":[{"embeddable":true,"href":"http:\/\/argentinamunicipal.com.ar\/argentina\/wp-json\/wp\/v2\/media\/162276"}],"wp:attachment":[{"href":"http:\/\/argentinamunicipal.com.ar\/argentina\/wp-json\/wp\/v2\/media?parent=162275"}],"wp:term":[{"taxonomy":"category","embeddable":true,"href":"http:\/\/argentinamunicipal.com.ar\/argentina\/wp-json\/wp\/v2\/categories?post=162275"},{"taxonomy":"post_tag","embeddable":true,"href":"http:\/\/argentinamunicipal.com.ar\/argentina\/wp-json\/wp\/v2\/tags?post=162275"}],"curies":[{"name":"wp","href":"https:\/\/api.w.org\/{rel}","templated":true}]}}