{"id":162279,"date":"2026-03-11T04:27:31","date_gmt":"2026-03-11T07:27:31","guid":{"rendered":"http:\/\/argentinamunicipal.com.ar\/argentina\/?p=162279"},"modified":"2026-03-10T05:31:39","modified_gmt":"2026-03-10T08:31:39","slug":"maipu-se-prepara-para-vivir-la-4-edicion-del-festival-del-malbec-y-el-olivo","status":"publish","type":"post","link":"http:\/\/argentinamunicipal.com.ar\/argentina\/maipu-se-prepara-para-vivir-la-4-edicion-del-festival-del-malbec-y-el-olivo\/","title":{"rendered":"Maip\u00fa se prepara para vivir la 4\u00b0 edici\u00f3n del Festival del Malbec y el Olivo"},"content":{"rendered":"<p>Durante los d\u00edas 21, 22 y 23 de marzo, el Parque Metropolitano Sur ser\u00e1 escenario de una propuesta que combina m\u00fasica en vivo, gastronom\u00eda, degustaciones, cultura y encuentro comunitario, poniendo en valor la identidad productiva y cultural de Maip\u00fa.<\/p>\n<p>El Parque Metropolitano Sur volver\u00e1 a convertirse durante tres jornadas en escenario de uno de los eventos m\u00e1s convocantes del calendario cultural y tur\u00edstico de Maip\u00fa y de Mendoza: el 4\u00b0 Festival del Malbec y del Olivo, que se realizar\u00e1 los d\u00edas 21, 22 y 23 de marzo. Durante tres tardes y noches consecutivas, vecinos, visitantes y turistas podr\u00e1n vivir una experiencia pensada para disfrutar con todos los sentidos, combinando m\u00fasica en vivo, gastronom\u00eda, degustaciones, propuestas culturales y el encuentro en comunidad.<\/p>\n<p>El festival propone algo m\u00e1s que recorrer stands y escuchar m\u00fasica: cada jornada fue dise\u00f1ada como una experiencia integral, donde los sabores dialogan con distintos climas musicales, est\u00e9ticas y p\u00fablicos. La idea fuerza es clara: no se trata solo de consumir productos, sino de habitar un recorrido sensorial que mezcla aromas, texturas, sonidos, luces y encuentros.<\/p>\n<p><strong>Tres noches, tres identidades<\/strong><br \/>\nEl s\u00e1bado ser\u00e1 el D\u00eda de la Familia, con eje en la tradici\u00f3n, las ra\u00edces y la identidad territorial. El folclore, el vino y los productos oliv\u00edcolas aparecen como expresiones de terru\u00f1o y origen, conectando con la historia productiva del departamento.<\/p>\n<p>El domingo ser\u00e1 el D\u00eda Joven, con una impronta de energ\u00eda, dinamismo y propuestas innovadoras, mostrando la versatilidad del malbec y del olivo para dialogar con nuevos p\u00fablicos y lenguajes culturales.<\/p>\n<p>El lunes ser\u00e1 el D\u00eda de Fiesta, con la picada compartida, el vino tinto y las aceitunas como ritual de mesa familiar maipucina y mendocina, y una grilla musical que convoca a generaciones distintas bajo una misma pista de baile.<\/p>\n<p><strong>Un recorrido para los cinco sentidos<\/strong><br \/>\nEntre las principales propuestas se destaca el pasillo de degustaci\u00f3n, concebido como una experiencia inmersiva: iluminaci\u00f3n con guirnaldas, ambientaci\u00f3n musical en vivo, puestos de vino, productos oliv\u00edcolas, aceitunas y aceto, espacios de descanso, intervenciones art\u00edsticas y hasta propuestas l\u00fadicas que invitan a recorrer el predio de otra manera. A eso se suma la feria de artesanos, con rotaci\u00f3n de expositores a lo largo de las tres noches, y las islas de bodegas y oliv\u00edcolas, donde se podr\u00e1 degustar, comprar y conversar directamente con productores.<\/p>\n<p>La experiencia se completa con las cooking class nocturnas, a cargo de cocineros especializados, que pondr\u00e1n en valor el maridaje entre malbec, oliva y aceto en un formato de cocina en vivo, combinando gastronom\u00eda, aprendizaje y espect\u00e1culo.<\/p>\n<p><strong>Identidad productiva y comunidad<\/strong><br \/>\nBodegas, productores y emprendimientos vinculados al mundo del vino y del olivo participar\u00e1n del festival, generando un espacio de contacto directo entre quienes producen y quienes consumen. Degustar, aprender, recibir recomendaciones y comprar a precios promocionales no es solo parte de la experiencia del visitante: es tambi\u00e9n una forma concreta de fortalecer la econom\u00eda local, visibilizar el trabajo de peque\u00f1os y medianos productores y consolidar la identidad productiva de Maip\u00fa.<\/p>\n<p>El festival se enmarca en una pol\u00edtica sostenida que integra cultura, producci\u00f3n, turismo y encuentro social, entendiendo al evento como una herramienta de desarrollo territorial y no como un hecho aislado. En esa l\u00f3gica, el Estado local act\u00faa como facilitador de encuentros y oportunidades, potenciando el protagonismo de productores, artistas y emprendedores.<\/p>\n<p><strong>Mucho m\u00e1s que un evento<\/strong><br \/>\nEl Festival del Malbec y del Olivo se consolida as\u00ed como una de las expresiones m\u00e1s claras de la identidad maipucina: una comunidad que celebra lo que produce, que se reconoce en su historia y que proyecta su futuro desde el trabajo compartido. Cada edici\u00f3n suma capas de experiencia, p\u00fablicos y sentidos, reforzando una idea simple pero potente: en Maip\u00fa, el crecimiento se construye en comunidad.<\/p>\n<p>En los pr\u00f3ximos d\u00edas seguiremos informando y comunicando detalles de la grilla de los shows en vivo, con la presencia de artistas de primera calidad, y brindaremos detalles sobre la organizaci\u00f3n general de este festival.<\/p>\n<h6>Fuente: Los Andes<\/h6>\n","protected":false},"excerpt":{"rendered":"<p>Durante los d\u00edas 21, 22 y 23 de marzo, el Parque Metropolitano Sur ser\u00e1 escenario de una propuesta que combina m\u00fasica en vivo, gastronom\u00eda, degustaciones, cultura y encuentro comunitario, poniendo en valor la identidad productiva y cultural de Maip\u00fa.<\/p>\n","protected":false},"author":2,"featured_media":162280,"comment_status":"closed","ping_status":"closed","sticky":false,"template":"","format":"standard","meta":{"footnotes":""},"categories":[47],"tags":[31],"class_list":["post-162279","post","type-post","status-publish","format-standard","has-post-thumbnail","hentry","category-fiestas","tag-mendoza"],"_links":{"self":[{"href":"http:\/\/argentinamunicipal.com.ar\/argentina\/wp-json\/wp\/v2\/posts\/162279","targetHints":{"allow":["GET"]}}],"collection":[{"href":"http:\/\/argentinamunicipal.com.ar\/argentina\/wp-json\/wp\/v2\/posts"}],"about":[{"href":"http:\/\/argentinamunicipal.com.ar\/argentina\/wp-json\/wp\/v2\/types\/post"}],"author":[{"embeddable":true,"href":"http:\/\/argentinamunicipal.com.ar\/argentina\/wp-json\/wp\/v2\/users\/2"}],"replies":[{"embeddable":true,"href":"http:\/\/argentinamunicipal.com.ar\/argentina\/wp-json\/wp\/v2\/comments?post=162279"}],"version-history":[{"count":1,"href":"http:\/\/argentinamunicipal.com.ar\/argentina\/wp-json\/wp\/v2\/posts\/162279\/revisions"}],"predecessor-version":[{"id":162281,"href":"http:\/\/argentinamunicipal.com.ar\/argentina\/wp-json\/wp\/v2\/posts\/162279\/revisions\/162281"}],"wp:featuredmedia":[{"embeddable":true,"href":"http:\/\/argentinamunicipal.com.ar\/argentina\/wp-json\/wp\/v2\/media\/162280"}],"wp:attachment":[{"href":"http:\/\/argentinamunicipal.com.ar\/argentina\/wp-json\/wp\/v2\/media?parent=162279"}],"wp:term":[{"taxonomy":"category","embeddable":true,"href":"http:\/\/argentinamunicipal.com.ar\/argentina\/wp-json\/wp\/v2\/categories?post=162279"},{"taxonomy":"post_tag","embeddable":true,"href":"http:\/\/argentinamunicipal.com.ar\/argentina\/wp-json\/wp\/v2\/tags?post=162279"}],"curies":[{"name":"wp","href":"https:\/\/api.w.org\/{rel}","templated":true}]}}