{"id":162287,"date":"2026-03-11T04:28:52","date_gmt":"2026-03-11T07:28:52","guid":{"rendered":"http:\/\/argentinamunicipal.com.ar\/argentina\/?p=162287"},"modified":"2026-03-10T19:31:41","modified_gmt":"2026-03-10T22:31:41","slug":"la-uom-rosario-advierte-que-podrian-perderse-hasta-400-empleos-en-la-industria-metalurgica","status":"publish","type":"post","link":"http:\/\/argentinamunicipal.com.ar\/argentina\/la-uom-rosario-advierte-que-podrian-perderse-hasta-400-empleos-en-la-industria-metalurgica\/","title":{"rendered":"La UOM Rosario advierte que podr\u00edan perderse hasta 400 empleos en la industria metal\u00fargica"},"content":{"rendered":"<p>Desde el gremio se\u00f1alaron que la ca\u00edda de la actividad y la no renovaci\u00f3n de contratos temporarios afectan a empresas del sector autopartista, de l\u00ednea blanca y a pymes metal\u00fargicas.<\/p>\n<p>La\u00a0Uni\u00f3n Obrera Metal\u00fargica\u00a0(UOM) de\u00a0Rosario\u00a0advirti\u00f3 que el sector industrial de la regi\u00f3n podr\u00eda perder entre 300 y 400 puestos de trabajo hacia el mes de abril. Desde el gremio atribuyen la situaci\u00f3n a la ca\u00edda de la actividad y a la interrupci\u00f3n de contratos laborales en distintas empresas.<\/p>\n<p>El diagn\u00f3stico fue planteado por el secretario general de la seccional local,\u00a0Antonio Donello, quien recientemente renov\u00f3 su mandato al frente del sindicato en la ciudad. Seg\u00fan explic\u00f3, el escenario impacta especialmente en los trabajadores vinculados a la fabricaci\u00f3n de electrodom\u00e9sticos de l\u00ednea blanca, el sector autopartista y peque\u00f1as y medianas empresas metal\u00fargicas.<\/p>\n<p>De acuerdo con lo se\u00f1alado por el dirigente, uno de los mecanismos que est\u00e1 afectando al empleo es la falta de renovaci\u00f3n de contratos temporarios. \u201cNo se est\u00e1n renovando contratos y as\u00ed se va perdiendo el trabajo\u201d, afirm\u00f3 al referirse a la situaci\u00f3n de los operarios eventuales.<\/p>\n<p><strong>Retiros voluntarios y ca\u00edda del consumo<\/strong><br \/>\nDesde la organizaci\u00f3n sindical tambi\u00e9n advirtieron un aumento de los retiros voluntarios en distintas compa\u00f1\u00edas del sector. En ese sentido, Donello sostuvo que en muchos casos estas propuestas terminan funcionando como una forma de desvinculaci\u00f3n laboral.<\/p>\n<p>El dirigente vincul\u00f3 el panorama del sector con el contexto econ\u00f3mico general y con la ca\u00edda del consumo interno. Seg\u00fan explic\u00f3, el nivel de ventas de productos industriales se vio afectado por la p\u00e9rdida del poder adquisitivo.<\/p>\n<p>A nivel nacional, la actividad metal\u00fargica registr\u00f3 en enero una baja interanual del 6,2%, de acuerdo con datos del sector. Para la UOM, este escenario genera incertidumbre tanto en las empresas como entre los trabajadores.<\/p>\n<p>Donello tambi\u00e9n compar\u00f3 el momento actual con el proceso de retracci\u00f3n industrial registrado durante la d\u00e9cada de 1990, cuando el n\u00famero de afiliados al gremio metal\u00fargico se redujo de manera significativa en todo el pa\u00eds.<\/p>\n<p><strong>Elecciones en el gremio<\/strong><br \/>\nEn paralelo, el dirigente destac\u00f3 la participaci\u00f3n de los trabajadores en las recientes elecciones internas de la seccional rosarina, donde vot\u00f3 cerca del 75% del padr\u00f3n.<\/p>\n<h6>Fuente: Sin Mordaza<\/h6>\n","protected":false},"excerpt":{"rendered":"<p>Desde el gremio se\u00f1alaron que la ca\u00edda de la actividad y la no renovaci\u00f3n de contratos temporarios afectan a empresas del sector autopartista, de l\u00ednea blanca y a pymes metal\u00fargicas.<\/p>\n","protected":false},"author":2,"featured_media":162288,"comment_status":"closed","ping_status":"closed","sticky":false,"template":"","format":"standard","meta":{"footnotes":""},"categories":[2],"tags":[10],"class_list":["post-162287","post","type-post","status-publish","format-standard","has-post-thumbnail","hentry","category-informe-municipal","tag-santa-fe"],"_links":{"self":[{"href":"http:\/\/argentinamunicipal.com.ar\/argentina\/wp-json\/wp\/v2\/posts\/162287","targetHints":{"allow":["GET"]}}],"collection":[{"href":"http:\/\/argentinamunicipal.com.ar\/argentina\/wp-json\/wp\/v2\/posts"}],"about":[{"href":"http:\/\/argentinamunicipal.com.ar\/argentina\/wp-json\/wp\/v2\/types\/post"}],"author":[{"embeddable":true,"href":"http:\/\/argentinamunicipal.com.ar\/argentina\/wp-json\/wp\/v2\/users\/2"}],"replies":[{"embeddable":true,"href":"http:\/\/argentinamunicipal.com.ar\/argentina\/wp-json\/wp\/v2\/comments?post=162287"}],"version-history":[{"count":1,"href":"http:\/\/argentinamunicipal.com.ar\/argentina\/wp-json\/wp\/v2\/posts\/162287\/revisions"}],"predecessor-version":[{"id":162289,"href":"http:\/\/argentinamunicipal.com.ar\/argentina\/wp-json\/wp\/v2\/posts\/162287\/revisions\/162289"}],"wp:featuredmedia":[{"embeddable":true,"href":"http:\/\/argentinamunicipal.com.ar\/argentina\/wp-json\/wp\/v2\/media\/162288"}],"wp:attachment":[{"href":"http:\/\/argentinamunicipal.com.ar\/argentina\/wp-json\/wp\/v2\/media?parent=162287"}],"wp:term":[{"taxonomy":"category","embeddable":true,"href":"http:\/\/argentinamunicipal.com.ar\/argentina\/wp-json\/wp\/v2\/categories?post=162287"},{"taxonomy":"post_tag","embeddable":true,"href":"http:\/\/argentinamunicipal.com.ar\/argentina\/wp-json\/wp\/v2\/tags?post=162287"}],"curies":[{"name":"wp","href":"https:\/\/api.w.org\/{rel}","templated":true}]}}