{"id":162293,"date":"2026-03-11T04:10:31","date_gmt":"2026-03-11T07:10:31","guid":{"rendered":"http:\/\/argentinamunicipal.com.ar\/argentina\/?p=162293"},"modified":"2026-03-10T19:37:35","modified_gmt":"2026-03-10T22:37:35","slug":"en-rawson-avanzan-en-la-conformacion-del-consejo-municipal-de-juventud","status":"publish","type":"post","link":"http:\/\/argentinamunicipal.com.ar\/argentina\/en-rawson-avanzan-en-la-conformacion-del-consejo-municipal-de-juventud\/","title":{"rendered":"En Rawson avanzan en la conformaci\u00f3n del Consejo Municipal de Juventud"},"content":{"rendered":"<p>La Coordinaci\u00f3n de Juventud de Rawson inici\u00f3 las acciones para la conformaci\u00f3n del Consejo Municipal de Juventud, un \u00e1mbito institucional creado por ordenanza durante el a\u00f1o 2024 con el objetivo de fortalecer la participaci\u00f3n juvenil en la vida comunitaria.<\/p>\n<p>En este marco, durante las \u00faltimas semanas comenzaron los primeros contactos con distintas instituciones de la ciudad para avanzar en la convocatoria de representantes juveniles que integrar\u00e1n el espacio. La propuesta busca reunir a j\u00f3venes vinculados a clubes deportivos, asociaciones civiles, iglesias evang\u00e9licas y cat\u00f3licas, instituciones educativas secundarias, centros de estudiantes universitarios y otros sectores donde exista participaci\u00f3n juvenil organizada.<\/p>\n<p>El coordinador de Juventud de la Municipalidad de Rawson, Jonathan Biss, explic\u00f3 que el trabajo ya comenz\u00f3 con las primeras reuniones institucionales\u00bbNos encontramos en estos primeros meses del a\u00f1o 2026 trabajando en la convocatoria para lo que ser\u00e1 la conformaci\u00f3n del Consejo Municipal de Juventud, que fue aprobado por ordenanza en el a\u00f1o 2024 y que tiene el objetivo de convocar a todos los sectores juveniles de la ciudad\u00bb, se\u00f1al\u00f3.<\/p>\n<p>En este sentido, remarc\u00f3 \u00abLa idea es que este espacio permita analizar, reflexionar, discutir y debatir acerca de las tem\u00e1ticas y problem\u00e1ticas que incumben a la juventud de nuestra ciudad\u00bb, indic\u00f3.<\/p>\n<h6>Fuente: El Chubut<\/h6>\n","protected":false},"excerpt":{"rendered":"<p>La Coordinaci\u00f3n de Juventud de Rawson inici\u00f3 las acciones para la conformaci\u00f3n del Consejo Municipal de Juventud, un \u00e1mbito institucional creado por ordenanza durante el a\u00f1o 2024 con el objetivo de fortalecer la participaci\u00f3n juvenil en la vida comunitaria.<\/p>\n","protected":false},"author":2,"featured_media":162294,"comment_status":"closed","ping_status":"closed","sticky":false,"template":"","format":"standard","meta":{"footnotes":""},"categories":[2],"tags":[14],"class_list":["post-162293","post","type-post","status-publish","format-standard","has-post-thumbnail","hentry","category-informe-municipal","tag-chubut"],"_links":{"self":[{"href":"http:\/\/argentinamunicipal.com.ar\/argentina\/wp-json\/wp\/v2\/posts\/162293","targetHints":{"allow":["GET"]}}],"collection":[{"href":"http:\/\/argentinamunicipal.com.ar\/argentina\/wp-json\/wp\/v2\/posts"}],"about":[{"href":"http:\/\/argentinamunicipal.com.ar\/argentina\/wp-json\/wp\/v2\/types\/post"}],"author":[{"embeddable":true,"href":"http:\/\/argentinamunicipal.com.ar\/argentina\/wp-json\/wp\/v2\/users\/2"}],"replies":[{"embeddable":true,"href":"http:\/\/argentinamunicipal.com.ar\/argentina\/wp-json\/wp\/v2\/comments?post=162293"}],"version-history":[{"count":1,"href":"http:\/\/argentinamunicipal.com.ar\/argentina\/wp-json\/wp\/v2\/posts\/162293\/revisions"}],"predecessor-version":[{"id":162295,"href":"http:\/\/argentinamunicipal.com.ar\/argentina\/wp-json\/wp\/v2\/posts\/162293\/revisions\/162295"}],"wp:featuredmedia":[{"embeddable":true,"href":"http:\/\/argentinamunicipal.com.ar\/argentina\/wp-json\/wp\/v2\/media\/162294"}],"wp:attachment":[{"href":"http:\/\/argentinamunicipal.com.ar\/argentina\/wp-json\/wp\/v2\/media?parent=162293"}],"wp:term":[{"taxonomy":"category","embeddable":true,"href":"http:\/\/argentinamunicipal.com.ar\/argentina\/wp-json\/wp\/v2\/categories?post=162293"},{"taxonomy":"post_tag","embeddable":true,"href":"http:\/\/argentinamunicipal.com.ar\/argentina\/wp-json\/wp\/v2\/tags?post=162293"}],"curies":[{"name":"wp","href":"https:\/\/api.w.org\/{rel}","templated":true}]}}