{"id":162296,"date":"2026-03-11T04:38:02","date_gmt":"2026-03-11T07:38:02","guid":{"rendered":"http:\/\/argentinamunicipal.com.ar\/argentina\/?p=162296"},"modified":"2026-03-10T19:41:25","modified_gmt":"2026-03-10T22:41:25","slug":"denuncian-que-la-fabrica-de-aviones-argentina-esta-parada","status":"publish","type":"post","link":"http:\/\/argentinamunicipal.com.ar\/argentina\/denuncian-que-la-fabrica-de-aviones-argentina-esta-parada\/","title":{"rendered":"Denuncian que la f\u00e1brica de aviones argentina est\u00e1 parada"},"content":{"rendered":"<p>Mientras que se contrata a una empresa estadounidense para entrenar a los pilotos de los F16 usados que se compraron a Dinamarca; la F\u00e1brica Argentina de Aviones sigue al borde de la quiebra, as\u00ed lo denunciaron desde el Sindicato de Trabajadores Aeron\u00e1uticos, al tiempo que pidieron informes sobre los contratos con la Fuerza A\u00e9rea, gesti\u00f3n del directorio y situaci\u00f3n laboral.<\/p>\n<p><strong>Denuncia<\/strong><\/p>\n<p>La situaci\u00f3n de la\u00a0F\u00e1brica Argentina de Aviones Brigadier San Mart\u00edn\u00a0(Fadea) volvi\u00f3 a quedar en el centro de la escena tras la presentaci\u00f3n de una carta del Sindicato de Trabajadores Aeron\u00e1uticos (STA) ante el Ministerio de Defensa. El gremio denunci\u00f3 una\u00a0\u201cpar\u00e1lisis operativa\u201d\u00a0en la empresa estatal, ubicada en C\u00f3rdoba capital, y solicit\u00f3 informaci\u00f3n sobre contratos, designaciones y decisiones administrativas de la conducci\u00f3n de la compa\u00f1\u00eda.<br \/>\nEl documento fue dirigido al ministro de Defensa, Carlos Alberto Presti, y lleva la firma del secretario general del sindicato, Marcelo Bertorello. All\u00ed se afirma que la f\u00e1brica atraviesa una situaci\u00f3n cr\u00edtica luego de \u201c26 meses de una gesti\u00f3n err\u00e1tica\u201d del actual directorio, a cargo del abogado porte\u00f1o Julio Manco. Hasta este jueves, no hab\u00eda una respuesta desde Defensa.<\/p>\n<p><strong>\u201cPar\u00e1lisis inducida\u201d<\/strong><\/p>\n<p>Desde la empresa negaron los cargos y, al contrario, dijeron que Fadea se encuentra activa y con proyectos que le permitir\u00e1n mejorar su productividad. La nota plantea que la empresa se encuentra en un escenario de actividad reducida que pone en riesgo tanto el funcionamiento de la planta como el empleo de los trabajadores.<br \/>\n\u201cDenunciamos una par\u00e1lisis inducida que pone en riesgo el patrimonio nacional y el sustento de cientos de familias\u201d, se\u00f1ala el texto enviado al Ministerio.<\/p>\n<p>Uno de los puntos centrales del reclamo sindical est\u00e1 vinculado con los contratos entre Fadea y la Fuerza A\u00e9rea Argentina. Seg\u00fan el gremio, existen acuerdos clave para sostener la actividad de la planta, pero que todav\u00eda no fueron firmados lo que impide el ingreso de recursos y limita la carga de trabajo.<\/p>\n<p><strong>Suspensiones y congelamiento de salarios<\/strong><\/p>\n<p>De acuerdo con el sindicato, esa situaci\u00f3n se utiliza como argumento para aplicar suspensiones y mantener congelados los salarios. \u201cResulta inadmisible que, tras dos a\u00f1os de gesti\u00f3n, existan contratos vitales sin firma. Esta inacci\u00f3n bloquea el ingreso de recursos y el flujo de trabajo\u201d, se\u00f1ala la carta.<br \/>\nEn paralelo, el documento cuestiona la presencia del directorio en la planta. El gremio sostiene que existe una \u201cmarcada ausencia f\u00edsica\u201d de las autoridades de la empresa, lo que a su juicio refleja una desconexi\u00f3n con la realidad productiva cotidiana.<\/p>\n<p>La organizaci\u00f3n sindical tambi\u00e9n apunta contra decisiones vinculadas con la estructura administrativa de la compa\u00f1\u00eda. En el texto se afirma que, mientras se argumenta una situaci\u00f3n econ\u00f3mica cr\u00edtica para justificar recortes laborales, se habr\u00edan producido designaciones de asesores, auditores y cuadros jer\u00e1rquicos externos.<br \/>\n\u201cMientras se declara una emergencia econ\u00f3mica para recortar derechos laborales, observamos con indignaci\u00f3n la designaci\u00f3n de asesores, auditores, cuadros jer\u00e1rquicos externos y familiares directos\u201d, sostiene el gremio.<\/p>\n<p><strong>Informe de fondos<\/strong><\/p>\n<p>La carta adem\u00e1s solicita informaci\u00f3n sobre el uso de fondos vinculados a gastos de gesti\u00f3n, incluyendo alquileres, vi\u00e1ticos y gastos de representaci\u00f3n de funcionarios jer\u00e1rquicos.<\/p>\n<p>Otro de los reclamos apunta a una auditor\u00eda de viabilidad que, seg\u00fan el sindicato, fue anunciada meses atr\u00e1s por Manco pero cuyos resultados no se hicieron p\u00fablicos. El gremio pide conocer el costo del estudio y el estado de sus conclusiones.<\/p>\n<p>El documento tambi\u00e9n menciona lo que define como oportunidades comerciales desaprovechadas. Entre ellas, una propuesta de la federaci\u00f3n mexicana de la industria aeroespacial para fabricar 24 unidades del avi\u00f3n IA-63 Pampa.<\/p>\n<p>Seg\u00fan el sindicato, la falta de respuesta a ese planteo habr\u00eda afectado la posibilidad de generar exportaciones.<\/p>\n<p>La conducci\u00f3n sindical incluye adem\u00e1s cuestionamientos sobre decisiones laborales adoptadas por el directorio. En particular, menciona la derogaci\u00f3n en octubre pasado del convenio colectivo acordado en 2024 y el restablecimiento de un convenio anterior.<\/p>\n<p>Seg\u00fan el gremio, esa medida gener\u00f3 incertidumbre jur\u00eddica y podr\u00eda derivar en conflictos judiciales.<\/p>\n<p><strong>Condiciones de seguridad<\/strong><\/p>\n<p>El documento agrega una denuncia vinculada con las condiciones de seguridad laboral en la planta. El sindicato afirma que an\u00e1lisis m\u00e9dicos detectaron niveles elevados de cadmio en sangre en algunos trabajadores, lo que atribuye a exposici\u00f3n a sustancias sin los protocolos adecuados de protecci\u00f3n.<\/p>\n<p>La carta concluye con un pedido de respuestas formales por parte del Ministerio de Defensa y la apertura de un canal de di\u00e1logo para abordar la situaci\u00f3n de la empresa.<\/p>\n<p><strong>El contexto de la crisis<\/strong><\/p>\n<p>La presentaci\u00f3n del STA se produce en un contexto de tensi\u00f3n interna en Fadea, que en los \u00faltimos meses atraves\u00f3 per\u00edodos de actividad reducida y discusiones abiertas sobre contratos y financiamiento.<\/p>\n<p>Hasta fines de febrero estuvo vigente un Procedimiento Preventivo de Crisis que permiti\u00f3 a la empresa operar con un esquema de actividad limitada a tres d\u00edas por semana y con salarios reducidos al 80 por ciento.<\/p>\n<p>Ese mecanismo finaliz\u00f3 a fines del mes pasado (llevaba casi un a\u00f1o), seg\u00fan indicaron fuentes vinculadas a la empresa.<\/p>\n<p>En paralelo, la conducci\u00f3n de Fadea impuls\u00f3 un plan de retiros voluntarios con el objetivo de reducir la plantilla de personal. La iniciativa apuntaba a una baja de aproximadamente 200 puestos sobre un plantel cercano a los 670 trabajadores.<\/p>\n<p>De acuerdo con fuentes gremiales, el programa tuvo una adhesi\u00f3n limitada y alrededor de 20 empleados se inscribieron en el esquema.<\/p>\n<h6>Fuente: El Diario de Madryn<\/h6>\n","protected":false},"excerpt":{"rendered":"<p>Mientras que se contrata a una empresa estadounidense para entrenar a los pilotos de los F16 usados que se compraron a Dinamarca; la\u00a0F\u00e1brica Argentina de Aviones sigue al borde de la quiebra<\/p>\n","protected":false},"author":2,"featured_media":162297,"comment_status":"closed","ping_status":"closed","sticky":false,"template":"","format":"standard","meta":{"footnotes":""},"categories":[8],"tags":[21],"class_list":["post-162296","post","type-post","status-publish","format-standard","has-post-thumbnail","hentry","category-informe-nacional","tag-argentina"],"_links":{"self":[{"href":"http:\/\/argentinamunicipal.com.ar\/argentina\/wp-json\/wp\/v2\/posts\/162296","targetHints":{"allow":["GET"]}}],"collection":[{"href":"http:\/\/argentinamunicipal.com.ar\/argentina\/wp-json\/wp\/v2\/posts"}],"about":[{"href":"http:\/\/argentinamunicipal.com.ar\/argentina\/wp-json\/wp\/v2\/types\/post"}],"author":[{"embeddable":true,"href":"http:\/\/argentinamunicipal.com.ar\/argentina\/wp-json\/wp\/v2\/users\/2"}],"replies":[{"embeddable":true,"href":"http:\/\/argentinamunicipal.com.ar\/argentina\/wp-json\/wp\/v2\/comments?post=162296"}],"version-history":[{"count":1,"href":"http:\/\/argentinamunicipal.com.ar\/argentina\/wp-json\/wp\/v2\/posts\/162296\/revisions"}],"predecessor-version":[{"id":162298,"href":"http:\/\/argentinamunicipal.com.ar\/argentina\/wp-json\/wp\/v2\/posts\/162296\/revisions\/162298"}],"wp:featuredmedia":[{"embeddable":true,"href":"http:\/\/argentinamunicipal.com.ar\/argentina\/wp-json\/wp\/v2\/media\/162297"}],"wp:attachment":[{"href":"http:\/\/argentinamunicipal.com.ar\/argentina\/wp-json\/wp\/v2\/media?parent=162296"}],"wp:term":[{"taxonomy":"category","embeddable":true,"href":"http:\/\/argentinamunicipal.com.ar\/argentina\/wp-json\/wp\/v2\/categories?post=162296"},{"taxonomy":"post_tag","embeddable":true,"href":"http:\/\/argentinamunicipal.com.ar\/argentina\/wp-json\/wp\/v2\/tags?post=162296"}],"curies":[{"name":"wp","href":"https:\/\/api.w.org\/{rel}","templated":true}]}}