{"id":162299,"date":"2026-03-10T19:44:13","date_gmt":"2026-03-10T22:44:13","guid":{"rendered":"http:\/\/argentinamunicipal.com.ar\/argentina\/?p=162299"},"modified":"2026-03-10T19:44:13","modified_gmt":"2026-03-10T22:44:13","slug":"por-el-cambio-climatico-el-80-de-la-gente-de-mexico-esta-bajo-riesgo-sanitario","status":"publish","type":"post","link":"http:\/\/argentinamunicipal.com.ar\/argentina\/por-el-cambio-climatico-el-80-de-la-gente-de-mexico-esta-bajo-riesgo-sanitario\/","title":{"rendered":"Por el cambio clim\u00e1tico, el 80% de la gente de M\u00e9xico est\u00e1 bajo riesgo sanitario"},"content":{"rendered":"<p>El cambio clim\u00e1tico se ha convertido en un multiplicador de amenazas que afecta directamente a la salud humana; en este contexto, la Organizaci\u00f3n Mundial de la Salud (OMS) advierte que entre 20 y 30 % de la carga mundial de enfermedad puede atribuirse a factores de riesgo asociados con exposiciones ambientales.<\/p>\n<p>Y en M\u00e9xico,\u00a0se estima que el 80 % de la poblaci\u00f3n est\u00e1 bajo riesgo sanitario por fen\u00f3menos meteorol\u00f3gicos an\u00f3malos o extremos, como tormentas, olas de calor, inundaciones, sequ\u00edas e incendios forestales.<\/p>\n<p><strong>Impactos directos e indirectos<\/strong><\/p>\n<p>Los riesgos clim\u00e1ticos repercuten en la salud de m\u00faltiples formas:<\/p>\n<p>\u2013 Aumento de la mortalidad por fen\u00f3menos extremos.<br \/>\n\u2013 Enfermedades no transmisibles agravadas por contaminaci\u00f3n y estr\u00e9s ambiental.<br \/>\n\u2013 Propagaci\u00f3n de enfermedades infecciosas sensibles al clima, como malaria y dengue.<br \/>\n\u2013 Emergencias sanitarias derivadas de sequ\u00edas, inundaciones y cambios en el r\u00e9gimen de precipitaciones.<\/p>\n<p>Adem\u00e1s, el cambio clim\u00e1tico afecta los determinantes sociales y ambientales de la salud, como el acceso a agua potable, alimentos suficientes, aire limpio y vivienda segura.<\/p>\n<p><strong>Vulnerabilidad del sistema de salud<\/strong><\/p>\n<p>Los efectos del clima tambi\u00e9n impactan sobre el personal e infraestructura sanitaria, reduciendo la capacidad de garantizar la cobertura sanitaria universal (CSU).<\/p>\n<p>\u2013 Hospitales y centros de salud enfrentan da\u00f1os por fen\u00f3menos extremos.<br \/>\n\u2013 La demanda de servicios aumenta en escenarios de crisis, superando la capacidad instalada.<br \/>\n\u2013 La falta de planificaci\u00f3n preventiva incrementa la vulnerabilidad del sector.<\/p>\n<p><strong>Cambio clim\u00e1tico en M\u00e9xico<\/strong><\/p>\n<p>Actualmente, M\u00e9xico no cuenta con un diagn\u00f3stico nacional completo sobre el impacto del cambio clim\u00e1tico en la salud. Los efectos son m\u00faltiples y complejos, lo que dificulta su evaluaci\u00f3n integral.<br \/>\nSeg\u00fan estimaciones oficiales, 35 % de las enfermedades podr\u00edan estar relacionadas de manera directa con exposiciones ambientales. La contaminaci\u00f3n atmosf\u00e9rica, los qu\u00edmicos agroindustriales y los contaminantes en cuerpos de agua son factores clave.<\/p>\n<p><strong>Enfermedades sensibles al clima<\/strong><\/p>\n<p>El cambio clim\u00e1tico influye en enfermedades mortales como:<br \/>\n\u2013 Diarrea y malnutrici\u00f3n, vinculadas a la falta de agua segura y alimentos.<br \/>\n\u2013 Malaria y dengue, favorecidos por cambios en temperatura y humedad.<br \/>\n\u2013 Problemas respiratorios y cardiovasculares, agravados por contaminaci\u00f3n y olas de calor.<\/p>\n<p><strong>Llamado a la acci\u00f3n<\/strong><\/p>\n<p>La OMS advierte que retrasar la acci\u00f3n clim\u00e1tica socava d\u00e9cadas de avances en salud p\u00fablica y pone en riesgo el derecho humano a la salud. En M\u00e9xico, el Sector Salud deber\u00e1:<\/p>\n<p>\u2013 Implementar medidas preventivas ante escenarios agudos.<br \/>\n\u2013 Fortalecer la infraestructura sanitaria para resistir fen\u00f3menos extremos.<br \/>\n\u2013 Integrar la planificaci\u00f3n clim\u00e1tica en pol\u00edticas de salud p\u00fablica.<\/p>\n<p>El cambio clim\u00e1tico en M\u00e9xico representa una amenaza sanitaria de gran magnitud. Con el 80 % de la poblaci\u00f3n expuesta a riesgos derivados de fen\u00f3menos extremos, la respuesta debe ser integral: fortalecer el sistema de salud, reducir la contaminaci\u00f3n y garantizar acceso a agua, alimentos y vivienda segura. La acci\u00f3n inmediata es crucial para proteger la salud presente y futura de millones de personas.<\/p>\n<h6>Fuente: El Diario de Madryn<\/h6>\n","protected":false},"excerpt":{"rendered":"<p>Y en M\u00e9xico,\u00a0se estima que el 80 % de la poblaci\u00f3n est\u00e1 bajo riesgo sanitario por fen\u00f3menos meteorol\u00f3gicos an\u00f3malos o extremos, como tormentas, olas de calor, inundaciones, sequ\u00edas e incendios forestales.<\/p>\n","protected":false},"author":2,"featured_media":162300,"comment_status":"closed","ping_status":"closed","sticky":false,"template":"","format":"standard","meta":{"footnotes":""},"categories":[22],"tags":[57],"class_list":["post-162299","post","type-post","status-publish","format-standard","has-post-thumbnail","hentry","category-el-mundo","tag-el-mundo"],"_links":{"self":[{"href":"http:\/\/argentinamunicipal.com.ar\/argentina\/wp-json\/wp\/v2\/posts\/162299","targetHints":{"allow":["GET"]}}],"collection":[{"href":"http:\/\/argentinamunicipal.com.ar\/argentina\/wp-json\/wp\/v2\/posts"}],"about":[{"href":"http:\/\/argentinamunicipal.com.ar\/argentina\/wp-json\/wp\/v2\/types\/post"}],"author":[{"embeddable":true,"href":"http:\/\/argentinamunicipal.com.ar\/argentina\/wp-json\/wp\/v2\/users\/2"}],"replies":[{"embeddable":true,"href":"http:\/\/argentinamunicipal.com.ar\/argentina\/wp-json\/wp\/v2\/comments?post=162299"}],"version-history":[{"count":1,"href":"http:\/\/argentinamunicipal.com.ar\/argentina\/wp-json\/wp\/v2\/posts\/162299\/revisions"}],"predecessor-version":[{"id":162301,"href":"http:\/\/argentinamunicipal.com.ar\/argentina\/wp-json\/wp\/v2\/posts\/162299\/revisions\/162301"}],"wp:featuredmedia":[{"embeddable":true,"href":"http:\/\/argentinamunicipal.com.ar\/argentina\/wp-json\/wp\/v2\/media\/162300"}],"wp:attachment":[{"href":"http:\/\/argentinamunicipal.com.ar\/argentina\/wp-json\/wp\/v2\/media?parent=162299"}],"wp:term":[{"taxonomy":"category","embeddable":true,"href":"http:\/\/argentinamunicipal.com.ar\/argentina\/wp-json\/wp\/v2\/categories?post=162299"},{"taxonomy":"post_tag","embeddable":true,"href":"http:\/\/argentinamunicipal.com.ar\/argentina\/wp-json\/wp\/v2\/tags?post=162299"}],"curies":[{"name":"wp","href":"https:\/\/api.w.org\/{rel}","templated":true}]}}