{"id":162314,"date":"2026-03-12T04:45:36","date_gmt":"2026-03-12T07:45:36","guid":{"rendered":"http:\/\/argentinamunicipal.com.ar\/argentina\/?p=162314"},"modified":"2026-03-10T20:15:57","modified_gmt":"2026-03-10T23:15:57","slug":"proyecto-de-ley-alerta-sobre-una-iniciativa-internacional-que-afectaria-la-calidad-del-agua-en-el-rio-uruguay","status":"publish","type":"post","link":"http:\/\/argentinamunicipal.com.ar\/argentina\/proyecto-de-ley-alerta-sobre-una-iniciativa-internacional-que-afectaria-la-calidad-del-agua-en-el-rio-uruguay\/","title":{"rendered":"Proyecto de ley alerta sobre una iniciativa internacional que afectar\u00eda la calidad del agua en el r\u00edo Uruguay"},"content":{"rendered":"<p>Se trata del proyecto de ley que propone que se declare de \u201cinter\u00e9s prioritario\u201d la Causa Ambiental Provincial ante el proyecto HIF Global en Paysand\u00fa, del que se indic\u00f3 que \u201cpor su proximidad geogr\u00e1fica y escala industrial, representa un riesgo de \u2018perjuicio sensible\u2019 para las poblaciones ribere\u00f1as de Entre R\u00edos\u201d. Tambi\u00e9n se supo que la CARU dijo que el proyecto no fue formalmente comunicado para su an\u00e1lisis t\u00e9cnico, lo que configura la grave omisi\u00f3n del deber de Informaci\u00f3n y Consulta Previa.<br \/>\nlunes 09 de marzo de 2026 | 13:42hs.<\/p>\n<p>Un proyecto de ley del bloque Juntos por Entre R\u00edos (JxER) propuso que se declare \u201cde inter\u00e9s prioritario y Causa Ambiental Provincial la protecci\u00f3n del ecosistema del R\u00edo Uruguay y sus poblaciones\u201d. Tambi\u00e9n propone que se cree \u201cen el \u00e1mbito de la Legislatura de Entre R\u00edos la Comisi\u00f3n Bicameral de Seguimiento de la \u2018Causa Ambiental Provincial\u2019 la protecci\u00f3n del ecosistema del R\u00edo Uruguay y sus poblaciones, con el objeto de monitorear las gestiones diplom\u00e1ticas, recibir a las asambleas ciudadanas y proponer las acciones judiciales que pudieran corresponder en defensa del patrimonio natural entrerriano\u201d.<\/p>\n<p>El proyecto, del diputado Mauro Godein, se\u00f1al\u00f3 que \u201cla econom\u00eda de la microrregi\u00f3n de \u2018Tierra de Palmares\u2019, centrada en el turismo, la producci\u00f3n y el bienestar social, se ver\u00eda directamente comprometida ante emanaciones gaseosas, contaminaci\u00f3n ac\u00fastica o visual, y el riesgo latente de accidentes qu\u00edmicos en una planta de esta envergadura\u201d.<\/p>\n<p>Asimismo indic\u00f3 que \u201cla trascendencia de estos hechos, motivados por intereses que no se ponen en discusi\u00f3n aqu\u00ed, sino que han avanzado en un proceso viciado por los incumplimientos de tratados entre dos estados rectores y que se promulgaron para el bienestar hist\u00f3rico, presente y futuro de generaciones de argentinos y uruguayos, hacen imperiosa la profundizaci\u00f3n de acciones reparadoras y adem\u00e1s preventivas\u201d.<\/p>\n<p>Goein se\u00f1al\u00f3 que \u201crecientes declaraciones period\u00edsticas de Legisladores del vecino pa\u00eds han evidenciado el inter\u00e9s de avanzar con otros proyectos de producci\u00f3n de pasta celulosa en los m\u00e1rgenes del R\u00edo Uruguay, esto hace imprescindible esta norma, por lo que invito a mis pares a acompa\u00f1arla\u201d.<\/p>\n<p>En los fundamentos se mencion\u00f3 que se \u201cdefine a la Provincia como una entidad con dominio originario sobre sus recursos naturales y establece que el agua es un bien p\u00fablico, esencial para la vida y el desarrollo, cuya gesti\u00f3n debe ser sustentable y protegida contra cualquier forma de degradaci\u00f3n\u201d. Adem\u00e1s se record\u00f3 que \u00b7el Art\u00edculo 85 de la Carta Magna Provincial impone al Estado el deber de prevenir la contaminaci\u00f3n de los r\u00edos y sus lechos, asegurando la calidad del agua y la preservaci\u00f3n de la biodiversidad, facultando a la Provincia a celebrar convenios y realizar gestiones internacionales en defensa de su ecosistema\u201d.<\/p>\n<p>Ante aquella primera valla constitucional, el diputado alert\u00f3: \u201d\u2026 Encontramos que un proyecto HIF Global en Paysand\u00fa, por su proximidad geogr\u00e1fica y escala industrial, representa un riesgo de \u2018perjuicio sensible\u2019 para las poblaciones ribere\u00f1as de Entre R\u00edos, afectando no solo el agua superficial del R\u00edo Uruguay, sino tambi\u00e9n las reservas estrat\u00e9gicas del Acu\u00edfero Guaran\u00ed, sobre el cual Entre R\u00edos ejerce derechos soberanos de preservaci\u00f3n\u201d.<\/p>\n<h6>Fuente: APFDigital<\/h6>\n","protected":false},"excerpt":{"rendered":"<p>Un proyecto de ley del bloque Juntos por Entre R\u00edos (JxER) propuso que se declare \u201cde inter\u00e9s prioritario y Causa Ambiental Provincial la protecci\u00f3n del ecosistema del R\u00edo Uruguay y sus poblaciones\u201d<\/p>\n","protected":false},"author":2,"featured_media":162315,"comment_status":"closed","ping_status":"closed","sticky":false,"template":"","format":"standard","meta":{"footnotes":""},"categories":[2],"tags":[17],"class_list":["post-162314","post","type-post","status-publish","format-standard","has-post-thumbnail","hentry","category-informe-municipal","tag-entre-rios"],"_links":{"self":[{"href":"http:\/\/argentinamunicipal.com.ar\/argentina\/wp-json\/wp\/v2\/posts\/162314","targetHints":{"allow":["GET"]}}],"collection":[{"href":"http:\/\/argentinamunicipal.com.ar\/argentina\/wp-json\/wp\/v2\/posts"}],"about":[{"href":"http:\/\/argentinamunicipal.com.ar\/argentina\/wp-json\/wp\/v2\/types\/post"}],"author":[{"embeddable":true,"href":"http:\/\/argentinamunicipal.com.ar\/argentina\/wp-json\/wp\/v2\/users\/2"}],"replies":[{"embeddable":true,"href":"http:\/\/argentinamunicipal.com.ar\/argentina\/wp-json\/wp\/v2\/comments?post=162314"}],"version-history":[{"count":1,"href":"http:\/\/argentinamunicipal.com.ar\/argentina\/wp-json\/wp\/v2\/posts\/162314\/revisions"}],"predecessor-version":[{"id":162316,"href":"http:\/\/argentinamunicipal.com.ar\/argentina\/wp-json\/wp\/v2\/posts\/162314\/revisions\/162316"}],"wp:featuredmedia":[{"embeddable":true,"href":"http:\/\/argentinamunicipal.com.ar\/argentina\/wp-json\/wp\/v2\/media\/162315"}],"wp:attachment":[{"href":"http:\/\/argentinamunicipal.com.ar\/argentina\/wp-json\/wp\/v2\/media?parent=162314"}],"wp:term":[{"taxonomy":"category","embeddable":true,"href":"http:\/\/argentinamunicipal.com.ar\/argentina\/wp-json\/wp\/v2\/categories?post=162314"},{"taxonomy":"post_tag","embeddable":true,"href":"http:\/\/argentinamunicipal.com.ar\/argentina\/wp-json\/wp\/v2\/tags?post=162314"}],"curies":[{"name":"wp","href":"https:\/\/api.w.org\/{rel}","templated":true}]}}