{"id":162317,"date":"2026-03-11T05:30:03","date_gmt":"2026-03-11T08:30:03","guid":{"rendered":"http:\/\/argentinamunicipal.com.ar\/argentina\/?p=162317"},"modified":"2026-03-11T05:30:03","modified_gmt":"2026-03-11T08:30:03","slug":"escapadas-de-fin-de-semana-largo-entre-trekking-vinedos-hongos-y-aventura-en-la-patagonia","status":"publish","type":"post","link":"http:\/\/argentinamunicipal.com.ar\/argentina\/escapadas-de-fin-de-semana-largo-entre-trekking-vinedos-hongos-y-aventura-en-la-patagonia\/","title":{"rendered":"Escapadas de fin de semana largo entre trekking, vi\u00f1edos, hongos y aventura en la Patagonia"},"content":{"rendered":"<p>Con feriados que permiten escapadas de tres y cuatro d\u00edas, Esquel despliega en oto\u00f1o su mejor versi\u00f3n: bosques rojizos, senderos para trekking, excursiones en el Parque Nacional Los Alerces, vi\u00f1edos australes, eventos deportivos y fiestas gastron\u00f3micas que invitan a descubrir la cordillera chubutense.<\/p>\n<p>La\u00a0cordillera empieza a encenderse con los ocres de las lengas y los \u00f1ires,\u00a0el aire se vuelve m\u00e1s fresco y los d\u00edas parecen hechos para caminar senderos, probar vinos inesperados o subirse a una excursi\u00f3n que atraviesa bosques milenarios. Con varios fines de semana largos en el calendario, la ciudad chubutense se convierte\u00a0en una invitaci\u00f3n abierta a frenar la rutina y dejarse llevar por una Patagonia que mezcla naturaleza, sabores y aventura.<\/p>\n<p>En febrero la ciudad celebr\u00f3 su 120\u00b0 aniversario con recitales, actividades deportivas y experiencias al aire libre que latieron al ritmo de la naturaleza. Ahora, con la llegada del oto\u00f1o, Esquel vuelve a posicionarse como una escapada ideal para los pr\u00f3ximos feriados.<\/p>\n<p>Marzo es la pausa perfecta entre el verano tard\u00edo y el oto\u00f1o que comienza a asomar. El lunes 23, feriado con fines tur\u00edsticos y\u00a0el 24, D\u00eda Nacional de la Memoria por la Verdad y la Justicia, abren la posibilidad de disfrutar de Esquel durante 4 d\u00edas.<\/p>\n<p>En estos d\u00edas,\u00a0el oto\u00f1o se hace sentir: las hojas de las lengas y los \u00f1ires dejan atr\u00e1s sus tonos verdes para transformarse en un ocre-rojizo.\u00a0Es la estaci\u00f3n perfecta para los amantes del trekking, el hiking, la marcha n\u00f3dica y el mountainbike. Esquel cuenta con m\u00e1s de 20 senderos para disfrutar de estas actividades que invitan a fusionarse con el ritmo de la naturaleza.<\/p>\n<p>Para esta fecha, los imperdibles contin\u00faan latentes: El Viejo Expreso Patag\u00f3nico \u201cLa Trochita\u201d, la excursi\u00f3n al Alerzal Milenario, el Glaciar Torrecillas en el Parque Nacional Los Alerces y las excursiones a Piedra Parada no pueden faltar en tu viaje. Asimismo, una docena de vi\u00f1edos de la zona abren sus puertas para contemplar la maduraci\u00f3n de las uvas y prepararse para sus vendimias.<\/p>\n<p><strong>Abril: Semana Santa en Esquel<\/strong><br \/>\nEl clima comienza a cambiar y el oto\u00f1o se vive en su m\u00e1xima expresi\u00f3n. Las vistas a Esquel desde las alturas y el aroma del m\u00e1s exquisito chocolate artesanal se siente irresistible. El jueves 2 de abril, D\u00eda del Veterano y de los Ca\u00eddos en la Guerra de Malvinas y el Viernes Santo ofrecen 4 d\u00edas para disfrutar de los sabores, la gastronom\u00eda y los paisajes oto\u00f1ales de Esquel.<\/p>\n<p>El oto\u00f1o tambi\u00e9n es movimiento y deporte en un entorno natural privilegiado. El 3 y 4 de abril, se desarrollar\u00e1 una cl\u00ednica de kayak de la mano de Fernando Chaparro en Lago Rivadavia. El 4 de abril, ser\u00e1 el turno del Desaf\u00edo Los Alerces, un reto en aguas abiertas con tres distancias para todo tipo de nadadores. El 5 de abril habr\u00e1 un Cross Country en la Reserva Natural Urbana Laguna \u201cLa Zeta\u201d, el 11 ser\u00e1 el turno de la tradicional bajada de las canoas, un recorrido en kayak desde Lago Verde hasta Bah\u00eda Rosales Agreste y finalmente, la desafiante Trepada a La Hoya, un reto en mountainbike para quienes no le temen a las alturas.<\/p>\n<p>A las actividades previamente mencionadas, se suman las vendimias y Fiesta de los Vi\u00f1edos, del 10 al 12 de abril. Esta festividad busca honrar a algunos de los vi\u00f1edos m\u00e1s australes del pa\u00eds, con una amplia variedad de propuestas. Las variedades selectas de Chardonnay, Pinot Noir, Riesling y Gew\u00fcrztraminer deleitan los paladares de los visitantes, mientras escuchan historias sobre la producci\u00f3n de estas incre\u00edbles cepas en un lugar impensado para su producci\u00f3n hace 15 a\u00f1os.<\/p>\n<p>Asimismo, abril tambi\u00e9n trae una propuesta de movimiento y contemplaci\u00f3n, ideal para amantes del reino fungi.\u00a0Se trata de la micosenda en Alto R\u00edo Percy, una alternativa para experimentar el bosque con todos los sentidos; un sendero con cinco estaciones que invitan a descubrir la diversidad de hongos presentes.<\/p>\n<p>Durante el oto\u00f1o, el bosque se llena de colores y formas \u00fanicas con especies como el hongo de pino, cola de pavo, bej\u00edn perlado, hongo polvera y parasol, entre muchas otras.<\/p>\n<p><strong>Mayo: Gastronom\u00eda fungi y trail running<\/strong><br \/>\nEste mes cuenta con dos feriados para conocer a Esquel y explorarlo durante 3 d\u00edas. Se trata del 1 de mayo, D\u00eda del Trabajador y el 25, D\u00eda de la Revoluci\u00f3n de Mayo.<\/p>\n<p>Los hongos de pino, morillas y hongos de cipr\u00e9s se hacen presentes en los inconfundibles sabores de los platos que deleitan a los visitantes. La realizaci\u00f3n de la Fiesta del Hongo del 1 al 3 de mayo. Una fiesta para que honra los sabores y la gastronom\u00eda patag\u00f3nica.<\/p>\n<p>Para los amantes del trail running,\u00a0llega uno de las carreras con m\u00e1s trayectoria de la Patagonia, se trata del 13\u00b0 Desaf\u00edo Capri, una prueba que desaf\u00eda a corredores de todo el pa\u00eds con distancias de 12, 17 y 21 km por los cerros m\u00e1s imponentes de Esquel. La carrera ya cuenta con m\u00e1s de 400 inscriptos y promete ser una verdadera fiesta del deporte, en donde adem\u00e1s de los circuitos, la premiaci\u00f3n y la experiencia, un plato de comida caliente espera a cada atleta al finalizar el desaf\u00edo.<\/p>\n<p>Para culminar este mes a pura m\u00fasica, te invitamos al 22 y 23 de mayo a la 4\u00b0 edici\u00f3n del Esquel Blues Festival.<\/p>\n<p>Esquel es un destino que lo tiene todo, en un fin de semana largo se pueden vivir infinitas experiencias que se quedar\u00e1n en vos para siempre. La subsecretar\u00eda de Turismo est\u00e1 para ayudarte. Escrib\u00ed al +54 2945 52-9616.<\/p>\n<h6>Fuente: R\u00edo Negro<\/h6>\n","protected":false},"excerpt":{"rendered":"<p>Esquel despliega en oto\u00f1o su mejor versi\u00f3n: bosques rojizos, senderos para trekking, excursiones en el Parque Nacional Los Alerces, vi\u00f1edos australes, eventos deportivos y fiestas gastron\u00f3micas que invitan a descubrir la cordillera chubutense.<\/p>\n","protected":false},"author":2,"featured_media":162318,"comment_status":"closed","ping_status":"closed","sticky":false,"template":"","format":"standard","meta":{"footnotes":""},"categories":[87],"tags":[14],"class_list":["post-162317","post","type-post","status-publish","format-standard","has-post-thumbnail","hentry","category-turismo","tag-chubut"],"_links":{"self":[{"href":"http:\/\/argentinamunicipal.com.ar\/argentina\/wp-json\/wp\/v2\/posts\/162317","targetHints":{"allow":["GET"]}}],"collection":[{"href":"http:\/\/argentinamunicipal.com.ar\/argentina\/wp-json\/wp\/v2\/posts"}],"about":[{"href":"http:\/\/argentinamunicipal.com.ar\/argentina\/wp-json\/wp\/v2\/types\/post"}],"author":[{"embeddable":true,"href":"http:\/\/argentinamunicipal.com.ar\/argentina\/wp-json\/wp\/v2\/users\/2"}],"replies":[{"embeddable":true,"href":"http:\/\/argentinamunicipal.com.ar\/argentina\/wp-json\/wp\/v2\/comments?post=162317"}],"version-history":[{"count":1,"href":"http:\/\/argentinamunicipal.com.ar\/argentina\/wp-json\/wp\/v2\/posts\/162317\/revisions"}],"predecessor-version":[{"id":162319,"href":"http:\/\/argentinamunicipal.com.ar\/argentina\/wp-json\/wp\/v2\/posts\/162317\/revisions\/162319"}],"wp:featuredmedia":[{"embeddable":true,"href":"http:\/\/argentinamunicipal.com.ar\/argentina\/wp-json\/wp\/v2\/media\/162318"}],"wp:attachment":[{"href":"http:\/\/argentinamunicipal.com.ar\/argentina\/wp-json\/wp\/v2\/media?parent=162317"}],"wp:term":[{"taxonomy":"category","embeddable":true,"href":"http:\/\/argentinamunicipal.com.ar\/argentina\/wp-json\/wp\/v2\/categories?post=162317"},{"taxonomy":"post_tag","embeddable":true,"href":"http:\/\/argentinamunicipal.com.ar\/argentina\/wp-json\/wp\/v2\/tags?post=162317"}],"curies":[{"name":"wp","href":"https:\/\/api.w.org\/{rel}","templated":true}]}}