{"id":162323,"date":"2026-03-12T04:47:02","date_gmt":"2026-03-12T07:47:02","guid":{"rendered":"http:\/\/argentinamunicipal.com.ar\/argentina\/?p=162323"},"modified":"2026-03-11T05:49:13","modified_gmt":"2026-03-11T08:49:13","slug":"neumaticos-y-panaderias-en-crisis-cae-la-produccion-y-cierran-comercios","status":"publish","type":"post","link":"http:\/\/argentinamunicipal.com.ar\/argentina\/neumaticos-y-panaderias-en-crisis-cae-la-produccion-y-cierran-comercios\/","title":{"rendered":"Neum\u00e1ticos y panader\u00edas en crisis: cae la producci\u00f3n y cierran comercios"},"content":{"rendered":"<p>Empresas y comercios advierten ca\u00edda del consumo y m\u00e1s importaciones.<\/p>\n<p>La\u00a0industria de neum\u00e1ticos\u00a0y el\u00a0sector panadero\u00a0atraviesan un escenario de fuerte deterioro, marcado por\u00a0ca\u00edda de la producci\u00f3n, retracci\u00f3n del consumo y p\u00e9rdida de empleo.<\/p>\n<p>Seg\u00fan un informe del\u00a0Observatorio de Actividad Industrial de la Universidad Tecnol\u00f3gica Nacional (UTN), la producci\u00f3n de neum\u00e1ticos cay\u00f3\u00a033% entre 2023 y 2025, pasando de\u00a09 millones a 6 millones de unidades. Adem\u00e1s, el\u00a0uso de la capacidad instalada se ubica en apenas 33,4%, uno de los niveles m\u00e1s bajos de los \u00faltimos a\u00f1os.<\/p>\n<p>El deterioro tambi\u00e9n se refleja en el empleo. En el primer trimestre de 2025 el sector del caucho registr\u00f3\u00a010.942 puestos de trabajo, muy por debajo de los\u00a014.723 empleos alcanzados en 2016, el pico de actividad.<\/p>\n<p><strong>Importaciones y competencia externa<\/strong><br \/>\nEl informe advierte que las\u00a0importaciones de neum\u00e1ticos nuevos crecieron 75% en 2025\u00a0respecto al a\u00f1o anterior, impulsadas por la\u00a0reducci\u00f3n arancelaria del 35% al 16%\u00a0vigente desde septiembre pasado.<\/p>\n<p>Los empresarios del sector sostienen que la apertura comercial gener\u00f3\u00a0una fuerte competencia de productos provenientes de Asia, con m\u00e1s de\u00a0180 marcas extranjeras presentes en el mercado local.<\/p>\n<p><strong>Panader\u00edas con menos consumo y m\u00e1s cierres<\/strong><br \/>\nEn paralelo, el\u00a0sector panadero\u00a0tambi\u00e9n enfrenta un escenario complejo. El\u00a0presidente del Centro de Panaderos de Merlo, Mart\u00edn Pinto, advirti\u00f3 que la actividad registra\u00a0una ca\u00edda del 45% en la venta de insumos durante el primer trimestre de 2026\u00a0frente al mismo per\u00edodo del a\u00f1o anterior.<\/p>\n<p>El dirigente atribuy\u00f3 la situaci\u00f3n a\u00a0la p\u00e9rdida de poder adquisitivo y al aumento de los costos, que impactan en el consumo cotidiano.<\/p>\n<p>\u201cCuando la gente tiene menos plata en el bolsillo, lo primero que se resiente es el consumo en los barrios\u201d, se\u00f1al\u00f3.<\/p>\n<p>Desde el sector alertan que\u00a02026 podr\u00eda cerrar con un r\u00e9cord de cierres de panader\u00edas, si no se recupera el consumo y contin\u00faan subiendo los costos de insumos, servicios y combustibles.<\/p>\n<h6>Fuente: hoydia.com.ar<\/h6>\n","protected":false},"excerpt":{"rendered":"<p>Empresas y comercios advierten ca\u00edda del consumo y m\u00e1s importaciones.<\/p>\n","protected":false},"author":2,"featured_media":162324,"comment_status":"closed","ping_status":"closed","sticky":false,"template":"","format":"standard","meta":{"footnotes":""},"categories":[8],"tags":[21],"class_list":["post-162323","post","type-post","status-publish","format-standard","has-post-thumbnail","hentry","category-informe-nacional","tag-argentina"],"_links":{"self":[{"href":"http:\/\/argentinamunicipal.com.ar\/argentina\/wp-json\/wp\/v2\/posts\/162323","targetHints":{"allow":["GET"]}}],"collection":[{"href":"http:\/\/argentinamunicipal.com.ar\/argentina\/wp-json\/wp\/v2\/posts"}],"about":[{"href":"http:\/\/argentinamunicipal.com.ar\/argentina\/wp-json\/wp\/v2\/types\/post"}],"author":[{"embeddable":true,"href":"http:\/\/argentinamunicipal.com.ar\/argentina\/wp-json\/wp\/v2\/users\/2"}],"replies":[{"embeddable":true,"href":"http:\/\/argentinamunicipal.com.ar\/argentina\/wp-json\/wp\/v2\/comments?post=162323"}],"version-history":[{"count":1,"href":"http:\/\/argentinamunicipal.com.ar\/argentina\/wp-json\/wp\/v2\/posts\/162323\/revisions"}],"predecessor-version":[{"id":162325,"href":"http:\/\/argentinamunicipal.com.ar\/argentina\/wp-json\/wp\/v2\/posts\/162323\/revisions\/162325"}],"wp:featuredmedia":[{"embeddable":true,"href":"http:\/\/argentinamunicipal.com.ar\/argentina\/wp-json\/wp\/v2\/media\/162324"}],"wp:attachment":[{"href":"http:\/\/argentinamunicipal.com.ar\/argentina\/wp-json\/wp\/v2\/media?parent=162323"}],"wp:term":[{"taxonomy":"category","embeddable":true,"href":"http:\/\/argentinamunicipal.com.ar\/argentina\/wp-json\/wp\/v2\/categories?post=162323"},{"taxonomy":"post_tag","embeddable":true,"href":"http:\/\/argentinamunicipal.com.ar\/argentina\/wp-json\/wp\/v2\/tags?post=162323"}],"curies":[{"name":"wp","href":"https:\/\/api.w.org\/{rel}","templated":true}]}}