{"id":162326,"date":"2026-03-12T04:52:32","date_gmt":"2026-03-12T07:52:32","guid":{"rendered":"http:\/\/argentinamunicipal.com.ar\/argentina\/?p=162326"},"modified":"2026-03-11T05:54:17","modified_gmt":"2026-03-11T08:54:17","slug":"el-intendente-de-chajari-defendio-el-rol-de-los-municipios-advirtio-sobre-la-caida-de-recursos-y-pidio-que-el-estado-nacional-no-abandone-su-funcion-social","status":"publish","type":"post","link":"http:\/\/argentinamunicipal.com.ar\/argentina\/el-intendente-de-chajari-defendio-el-rol-de-los-municipios-advirtio-sobre-la-caida-de-recursos-y-pidio-que-el-estado-nacional-no-abandone-su-funcion-social\/","title":{"rendered":"El intendente de Chajar\u00ed defendi\u00f3 el rol de los municipios, advirti\u00f3 sobre la ca\u00edda de recursos y pidi\u00f3 que el Estado Nacional no abandone su funci\u00f3n social"},"content":{"rendered":"<p>Fue en el marco de la apertura del nuevo per\u00edodo legislativo que tuvo lugar este mi\u00e9rcoles 4 de marzo en el Recinto del Concejo. All\u00ed el intendente, Marcelo Borghesan, dio cuenta del estado de la administraci\u00f3n municipal y proyect\u00f3 lineamientos para el a\u00f1o en curso. Adem\u00e1s se refiri\u00f3 a las pol\u00edticas del Estado Nacional y Provincial.<br \/>\njueves 05 de marzo de 2026 | 19:07hs.<\/p>\n<p>Al inicio de su discurso, Borghesan mencion\u00f3 que \u00ablos gobiernos municipales somos la primera puerta de atenci\u00f3n al vecino\u00bb y reconoci\u00f3 que \u00abcomo consecuencia de la situaci\u00f3n de crisis asistimos a una sobredemanda de requerimientos y, en paralelo, a una deliberada acci\u00f3n de desprestigio y asfixia de la instituci\u00f3n municipal, que es el nivel de gobierno que m\u00e1s prestaciones directas brinda en una comunidad\u00bb haciendo alusi\u00f3n a medidas promovidas por naci\u00f3n que terminan perjudicando a los gobiernos locales.<\/p>\n<p>Si bien destac\u00f3 que \u00aben poco tiempo la administraci\u00f3n del Presidente Milei hizo muchas cosas buenas y necesarias\u00bb, mencionando que \u00abel programa macro-econ\u00f3mico ha sido eficaz\u00bb, Borghesan reconoci\u00f3 que \u00abno se observan los mismos resultados en el programa social donde la presencia del Estado se redujo a su m\u00ednima expresi\u00f3n\u00bb. Que si bien \u00ablas pol\u00edticas de shock eran necesarias\u00bb, ahora \u00abes fundamental que el Estado no abandone su naturaleza y su funci\u00f3n social\u00bb, dijo.<\/p>\n<p>Tambi\u00e9n se refiri\u00f3 al Gobierno de Entre R\u00edos, manifestando que \u00ablas cuentas provinciales est\u00e1n en una delicada situaci\u00f3n, como tambi\u00e9n la de muchos municipios. Este no es el caso de Chajar\u00ed, pero debemos ser precavidos\u00bb, alert\u00f3, dando cuenta de que en la ciudad, \u00absi comparamos el per\u00edodo de enero 2025 con enero de 2026 los recursos coparticipables cayeron un 12% en t\u00e9rminos reales. La situaci\u00f3n a futuro tampoco es auspiciosa\u00bb. Aunque destac\u00f3 la voluntad de di\u00e1logo con el Gobierno provincial.<\/p>\n<p>Seguidamente, el intendente asegur\u00f3 que, gracias a una buena administraci\u00f3n, \u00abla econom\u00eda municipal de nuestra ciudad, est\u00e1 saneada y no tendr\u00e1 sobresaltos en lo que resta del a\u00f1o\u00bb, aunque alert\u00f3 sobre los indicadores poco prometedores en la actualidad, lo que obliga a ser \u00abextremadamente responsables en la administraci\u00f3n de los recursos que son de todos\u00bb. Solicitando nuevamente que \u00abel Estado Nacional no abandone su naturaleza social, que genere medidas que cooperen con las provincias y municipios en el mejoramiento de la calidad de vida de los habitantes\u00bb. Entendiendo que \u00abun modelo de Estado fuerte no es antag\u00f3nico de la libertad\u00bb.<\/p>\n<p>Acto seguido, Borghesan brind\u00f3 un informe detallado de las principales acciones que se llevaron a cabo en el \u00faltimo per\u00edodo de la administraci\u00f3n municipal, que va desde el a\u00f1o 2025 hasta el primer bimestre del a\u00f1o en curso y adelant\u00f3 algunas medidas a instrumentar a lo largo de este 2026 \u00aben pos del bienestar de todos los que habitamos la ciudad\u00bb.<\/p>\n<p>Cerrando con su discurso, Borghesan agradeci\u00f3 \u00aba los vecinos de esta ciudad que conf\u00edan en nuestro trabajo\u00bb, reconociendo que \u00abhay asuntos pendientes y cosas por mejorar\u00bb pero que en el Gobierno de la ciudad \u00abhay un equipo que trabaja 24\/7 viendo, todos los d\u00edas, como convertir los problemas en soluciones y generar las condiciones para que Chajar\u00ed siga siendo una ciudad de oportunidades\u00bb.<\/p>\n<p>De esta manera se dio la apertura de las Sesiones Ordinarias del A\u00f1o Legislativo N\u00ba 63, contando con la presencia de los integrantes del H.C.D. de Chajar\u00ed.<\/p>\n<h6>Fuente: APFDigital<\/h6>\n","protected":false},"excerpt":{"rendered":"<p>Fue en el marco de la apertura del nuevo per\u00edodo legislativo que tuvo lugar este mi\u00e9rcoles 4 de marzo en el Recinto del Concejo.<\/p>\n","protected":false},"author":2,"featured_media":162327,"comment_status":"closed","ping_status":"closed","sticky":false,"template":"","format":"standard","meta":{"footnotes":""},"categories":[4],"tags":[17],"class_list":["post-162326","post","type-post","status-publish","format-standard","has-post-thumbnail","hentry","category-informe-politico","tag-entre-rios"],"_links":{"self":[{"href":"http:\/\/argentinamunicipal.com.ar\/argentina\/wp-json\/wp\/v2\/posts\/162326","targetHints":{"allow":["GET"]}}],"collection":[{"href":"http:\/\/argentinamunicipal.com.ar\/argentina\/wp-json\/wp\/v2\/posts"}],"about":[{"href":"http:\/\/argentinamunicipal.com.ar\/argentina\/wp-json\/wp\/v2\/types\/post"}],"author":[{"embeddable":true,"href":"http:\/\/argentinamunicipal.com.ar\/argentina\/wp-json\/wp\/v2\/users\/2"}],"replies":[{"embeddable":true,"href":"http:\/\/argentinamunicipal.com.ar\/argentina\/wp-json\/wp\/v2\/comments?post=162326"}],"version-history":[{"count":1,"href":"http:\/\/argentinamunicipal.com.ar\/argentina\/wp-json\/wp\/v2\/posts\/162326\/revisions"}],"predecessor-version":[{"id":162328,"href":"http:\/\/argentinamunicipal.com.ar\/argentina\/wp-json\/wp\/v2\/posts\/162326\/revisions\/162328"}],"wp:featuredmedia":[{"embeddable":true,"href":"http:\/\/argentinamunicipal.com.ar\/argentina\/wp-json\/wp\/v2\/media\/162327"}],"wp:attachment":[{"href":"http:\/\/argentinamunicipal.com.ar\/argentina\/wp-json\/wp\/v2\/media?parent=162326"}],"wp:term":[{"taxonomy":"category","embeddable":true,"href":"http:\/\/argentinamunicipal.com.ar\/argentina\/wp-json\/wp\/v2\/categories?post=162326"},{"taxonomy":"post_tag","embeddable":true,"href":"http:\/\/argentinamunicipal.com.ar\/argentina\/wp-json\/wp\/v2\/tags?post=162326"}],"curies":[{"name":"wp","href":"https:\/\/api.w.org\/{rel}","templated":true}]}}