{"id":162329,"date":"2026-03-16T04:45:47","date_gmt":"2026-03-16T07:45:47","guid":{"rendered":"http:\/\/argentinamunicipal.com.ar\/argentina\/?p=162329"},"modified":"2026-03-11T05:58:59","modified_gmt":"2026-03-11T08:58:59","slug":"a-50-anos-del-terror-tucuman-mantiene-viva-la-llama-de-la-memoria-verdad-y-justicia","status":"publish","type":"post","link":"http:\/\/argentinamunicipal.com.ar\/argentina\/a-50-anos-del-terror-tucuman-mantiene-viva-la-llama-de-la-memoria-verdad-y-justicia\/","title":{"rendered":"A 50 a\u00f1os del terror, Tucum\u00e1n mantiene viva la llama de la Memoria, Verdad y Justicia"},"content":{"rendered":"<p>La grilla centralizada por los organismos de DDHH de Tucum\u00e1n inicia este fin de semana y se extiende hasta el 24 de marzo.<\/p>\n<p>A medio siglo del asalto al poder por parte de la \u00faltima dictadura c\u00edvico-militar, Tucum\u00e1n se prepara para una conmemoraci\u00f3n hist\u00f3rica. Bajo la consigna de 50 a\u00f1os de lucha, memoria y organizaci\u00f3n (1976-2026), los organismos de Derechos Humanos de la provincia han definido una agenda de actividades que culminar\u00e1 con la tradicional marcha del 24 de marzo.<\/p>\n<p><strong>Agenda de actividades: 50 a\u00f1os de Memoria<\/strong><br \/>\nLa grilla centralizada por los organismos de DDHH de Tucum\u00e1n inicia este fin de semana y se extiende hasta la jornada oficial de movilizaci\u00f3n:<\/p>\n<p>S\u00e1bado 14 de marzo (17:30 a 23:30):\u00a0Festival por la Memoria\u00a0en el Club Instituto Oeste (Don Bosco 2939). Contar\u00e1 con la participaci\u00f3n de\u00a0Mar\u00eda y Las Merluzas, La Llorona y su jard\u00edn de dragones, Las Subversas, Maze 2k y M4X, Malamba y Kurosawa.<\/p>\n<p>S\u00e1bado 21 de marzo (09:00 a 13:00):\u00a0Recorridos por la Memoria, una instancia de reconstrucci\u00f3n hist\u00f3rica en puntos clave de la ciudad.<\/p>\n<p>Del 20 al 23 de marzo (18:00 a 23:00):\u00a0Ciclo de actividades culturales, con diversas intervenciones art\u00edsticas y debates.<\/p>\n<p>Martes 24 de marzo (Desde las 17:00):\u00a0Marcha a 50 a\u00f1os del golpe, con concentraci\u00f3n masiva para reivindicar la cifra de los 30.000 desaparecidos.<\/p>\n<p><strong>El presente de la Justicia: Juicios y sentencias<\/strong><br \/>\nCausa Operativo Independencia III:\u00a0Recientemente, la Fiscal\u00eda Federal solicit\u00f3 la indagatoria de\u00a049 imputados\u00a0por cr\u00edmenes cometidos contra\u00a0581 v\u00edctimas. Es uno de los requerimientos m\u00e1s voluminosos de la historia judicial tucumana, abarcando el periodo iniciado en 1975.<\/p>\n<p>A su vez, el Equipo Argentino de Antropolog\u00eda Forense (EAAF) contin\u00faa trabajando en el Pozo de Vargas y el Arsenal Miguel de Azcu\u00e9naga, logrando recientemente la identificaci\u00f3n de restos de v\u00edctimas que permanec\u00edan desaparecidas desde la d\u00e9cada del 70.<\/p>\n<p><strong>Tucum\u00e1n como laboratorio del horror<\/strong><br \/>\nEn Tucum\u00e1n el plan sistem\u00e1tico de exterminio tuvo su fase experimental antes del 24 de marzo de 1976. El\u00a0Operativo Independencia, iniciado en febrero de 1975, convirti\u00f3 a la provincia en un escenario de ocupaci\u00f3n militar.<\/p>\n<p>Centros clandestinos como la\u00a0Escuelita de Famaill\u00e1\u00a0\u2014el primero del pa\u00eds\u2014 marcaron el inicio de una metodolog\u00eda de desaparici\u00f3n forzada que luego se aplicar\u00eda a escala nacional. La persecuci\u00f3n se ensa\u00f1\u00f3 especialmente con el movimiento obrero azucarero, estudiantes y referentes sociales, buscando desarticular cualquier forma de organizaci\u00f3n popular.<\/p>\n<p><strong>La vigencia de los Organismos<\/strong><br \/>\nA cinco d\u00e9cadas del horror, la persistencia de los Organismos de Derechos Humanos Madres fueron el motor exclusivo para que hoy existan se\u00f1alizaciones en ex centros de detenci\u00f3n y genocidas tras las rejas. La reivindicaci\u00f3n de su lucha siempre fue una respuesta institucional y pol\u00edtica ante los discursos que pretenden relativizar el terrorismo de Estado. A 50 a\u00f1os, la memoria sigue siendo un acto de justicia cotidiana en las calles tucumanas.<\/p>\n<h6>Fuente: Tucumanhoy<\/h6>\n<p>&nbsp;<\/p>\n","protected":false},"excerpt":{"rendered":"<p>La grilla centralizada por los organismos de DDHH de Tucum\u00e1n inicia este fin de semana y se extiende hasta el 24 de marzo.<\/p>\n","protected":false},"author":2,"featured_media":162330,"comment_status":"closed","ping_status":"closed","sticky":false,"template":"","format":"standard","meta":{"footnotes":""},"categories":[2],"tags":[33],"class_list":["post-162329","post","type-post","status-publish","format-standard","has-post-thumbnail","hentry","category-informe-municipal","tag-tucuman"],"_links":{"self":[{"href":"http:\/\/argentinamunicipal.com.ar\/argentina\/wp-json\/wp\/v2\/posts\/162329","targetHints":{"allow":["GET"]}}],"collection":[{"href":"http:\/\/argentinamunicipal.com.ar\/argentina\/wp-json\/wp\/v2\/posts"}],"about":[{"href":"http:\/\/argentinamunicipal.com.ar\/argentina\/wp-json\/wp\/v2\/types\/post"}],"author":[{"embeddable":true,"href":"http:\/\/argentinamunicipal.com.ar\/argentina\/wp-json\/wp\/v2\/users\/2"}],"replies":[{"embeddable":true,"href":"http:\/\/argentinamunicipal.com.ar\/argentina\/wp-json\/wp\/v2\/comments?post=162329"}],"version-history":[{"count":1,"href":"http:\/\/argentinamunicipal.com.ar\/argentina\/wp-json\/wp\/v2\/posts\/162329\/revisions"}],"predecessor-version":[{"id":162331,"href":"http:\/\/argentinamunicipal.com.ar\/argentina\/wp-json\/wp\/v2\/posts\/162329\/revisions\/162331"}],"wp:featuredmedia":[{"embeddable":true,"href":"http:\/\/argentinamunicipal.com.ar\/argentina\/wp-json\/wp\/v2\/media\/162330"}],"wp:attachment":[{"href":"http:\/\/argentinamunicipal.com.ar\/argentina\/wp-json\/wp\/v2\/media?parent=162329"}],"wp:term":[{"taxonomy":"category","embeddable":true,"href":"http:\/\/argentinamunicipal.com.ar\/argentina\/wp-json\/wp\/v2\/categories?post=162329"},{"taxonomy":"post_tag","embeddable":true,"href":"http:\/\/argentinamunicipal.com.ar\/argentina\/wp-json\/wp\/v2\/tags?post=162329"}],"curies":[{"name":"wp","href":"https:\/\/api.w.org\/{rel}","templated":true}]}}