{"id":162332,"date":"2026-03-12T04:59:04","date_gmt":"2026-03-12T07:59:04","guid":{"rendered":"http:\/\/argentinamunicipal.com.ar\/argentina\/?p=162332"},"modified":"2026-03-11T06:02:09","modified_gmt":"2026-03-11T09:02:09","slug":"concepcion-del-uruguay-crisis-en-granja-tres-arroyos-trabajadores-en-asamblea-ante-posible-quiebra","status":"publish","type":"post","link":"http:\/\/argentinamunicipal.com.ar\/argentina\/concepcion-del-uruguay-crisis-en-granja-tres-arroyos-trabajadores-en-asamblea-ante-posible-quiebra\/","title":{"rendered":"Concepci\u00f3n del Uruguay: Crisis en Granja Tres Arroyos; trabajadores en asamblea ante posible quiebra"},"content":{"rendered":"<p>Trabajadores de Granja Tres Arroyos en Concepci\u00f3n del Uruguay est\u00e1n en asamblea denunciando sueldos pagados en cuotas desde 2024, falta de di\u00e1logo y una situaci\u00f3n econ\u00f3mica desesperante para unos 1.000 empleados.<\/p>\n<p>En Concepci\u00f3n del Uruguay, la situaci\u00f3n es cr\u00edtica para los trabajadores de Granja Tres Arroyos (GTA), la principal productora de pollos del pa\u00eds. Seg\u00fan se supo, desde la madrugada de este martes 10 de marzo, los empleados est\u00e1n en asamblea ante rumores sobre la posibilidad de la quiebra de la empresa.<\/p>\n<p>Los representantes de los sindicatos de la alimentaci\u00f3n y de la carne, Miguel Klenner y Sergio Vereda, respectivamente, han informado que no hay di\u00e1logo con la empresa. Desde marzo de 2024, los trabajadores han estado cobrando sus sueldos en cuotas, llegando a recibir pagos en hasta cinco partes.<\/p>\n<p><strong>Situaci\u00f3n desesperante<\/strong><br \/>\nLos trabajadores, que suman aproximadamente 1.000, se encuentran en una situaci\u00f3n desesperante. Muchos enfrentan dificultades para pagar alquileres y han visto sus tarjetas cortadas, lo que limita su acceso a alimentos y otros bienes esenciales, consign\u00f3 el sitio uruguayense\u00a0La Pir\u00e1mide.<\/p>\n<p>La planta de faena ha paralizado sus operaciones y se bloquea el sector de carga hasta tanto no se abone los salarios adeudados. Vereda expres\u00f3 su preocupaci\u00f3n por la falta de comunicaci\u00f3n de la empresa, lo que ha generado un clima de incertidumbre y angustia entre los empleados.<\/p>\n<h6>Fuente: Uno<\/h6>\n","protected":false},"excerpt":{"rendered":"<p>Trabajadores de Granja Tres Arroyos en Concepci\u00f3n del Uruguay est\u00e1n en asamblea denunciando sueldos pagados en cuotas desde 2024, falta de di\u00e1logo y una situaci\u00f3n econ\u00f3mica desesperante para unos 1.000 empleados.<\/p>\n","protected":false},"author":2,"featured_media":162333,"comment_status":"closed","ping_status":"closed","sticky":false,"template":"","format":"standard","meta":{"footnotes":""},"categories":[2],"tags":[17],"class_list":["post-162332","post","type-post","status-publish","format-standard","has-post-thumbnail","hentry","category-informe-municipal","tag-entre-rios"],"_links":{"self":[{"href":"http:\/\/argentinamunicipal.com.ar\/argentina\/wp-json\/wp\/v2\/posts\/162332","targetHints":{"allow":["GET"]}}],"collection":[{"href":"http:\/\/argentinamunicipal.com.ar\/argentina\/wp-json\/wp\/v2\/posts"}],"about":[{"href":"http:\/\/argentinamunicipal.com.ar\/argentina\/wp-json\/wp\/v2\/types\/post"}],"author":[{"embeddable":true,"href":"http:\/\/argentinamunicipal.com.ar\/argentina\/wp-json\/wp\/v2\/users\/2"}],"replies":[{"embeddable":true,"href":"http:\/\/argentinamunicipal.com.ar\/argentina\/wp-json\/wp\/v2\/comments?post=162332"}],"version-history":[{"count":1,"href":"http:\/\/argentinamunicipal.com.ar\/argentina\/wp-json\/wp\/v2\/posts\/162332\/revisions"}],"predecessor-version":[{"id":162334,"href":"http:\/\/argentinamunicipal.com.ar\/argentina\/wp-json\/wp\/v2\/posts\/162332\/revisions\/162334"}],"wp:featuredmedia":[{"embeddable":true,"href":"http:\/\/argentinamunicipal.com.ar\/argentina\/wp-json\/wp\/v2\/media\/162333"}],"wp:attachment":[{"href":"http:\/\/argentinamunicipal.com.ar\/argentina\/wp-json\/wp\/v2\/media?parent=162332"}],"wp:term":[{"taxonomy":"category","embeddable":true,"href":"http:\/\/argentinamunicipal.com.ar\/argentina\/wp-json\/wp\/v2\/categories?post=162332"},{"taxonomy":"post_tag","embeddable":true,"href":"http:\/\/argentinamunicipal.com.ar\/argentina\/wp-json\/wp\/v2\/tags?post=162332"}],"curies":[{"name":"wp","href":"https:\/\/api.w.org\/{rel}","templated":true}]}}