{"id":162338,"date":"2026-03-16T05:00:58","date_gmt":"2026-03-16T08:00:58","guid":{"rendered":"http:\/\/argentinamunicipal.com.ar\/argentina\/?p=162338"},"modified":"2026-03-11T06:19:35","modified_gmt":"2026-03-11T09:19:35","slug":"el-intendente-prohibe-los-trapitos-malabaristas-limpiavidrios-y-venta-ambulante-en-bariloche","status":"publish","type":"post","link":"http:\/\/argentinamunicipal.com.ar\/argentina\/el-intendente-prohibe-los-trapitos-malabaristas-limpiavidrios-y-venta-ambulante-en-bariloche\/","title":{"rendered":"El intendente proh\u00edbe los \u201ctrapitos\u201d, malabaristas, limpiavidrios y venta ambulante en Bariloche"},"content":{"rendered":"<p>El intendente dict\u00f3 este martes una Resoluci\u00f3n para prohibir ese tipo de actividades en la calle. Argument\u00f3 que en la Secretar\u00eda de Seguridad del municipio recibieron en lo que va del a\u00f1o numerosos reclamos de vecinos que denunciaron conflictos con personas que se dedican a ese tipo de tareas, sobre todo, en sem\u00e1foros de esta ciudad.<\/p>\n<p>El intendente de Bariloche, Walter Cort\u00e9s, resolvi\u00f3 prohibir la venta ambulante, la actividad de las personas que limpian vidrios, a los \u201ctrapitos\u201d, malabristas o aquellos que desarrollan espect\u00e1culos callejeros que no tengan autorizaci\u00f3n municipal.<\/p>\n<p>La decisi\u00f3n la fundament\u00f3 en la ley provincial 5592, que es el C\u00f3digo Contravencional de la provincia. El intendente argument\u00f3 que la Secretar\u00eda de Seguridad de la Municipalidad de Bariloche, \u201cen el transcurso del a\u00f1o ha recibido, en la central de reclamos \u201c103\u201d, numerosos llamados por parte de vecinos denunciando inconvenientes, disturbios o conflictos vinculados a personas que desarrollan actividades de limpieza de vidrios, malabarismo, etc. en los sem\u00e1foros de nuestra localidad\u201d.<\/p>\n<p>Sostuvo que esas pr\u00e1cticas \u201cejercidas sin autorizaci\u00f3n ni regulaci\u00f3n espec\u00edfica, generan m\u00faltiples reclamos de vecinos por afectar la seguridad vial, la fluidez del tr\u00e1nsito y el derecho a la libre circulaci\u00f3n que, en reiteradas oportunidades estas actividades han derivado en hechos de intimidaci\u00f3n, coacci\u00f3n o amenazas hacia automovilistas y transe\u00fantes, provocando un estado de inseguridad urbana y social\u201d.<\/p>\n<p>Cort\u00e9s dict\u00f3 este martes la Resoluci\u00f3n 0772-I-2026\u00a0que proh\u00edbe \u201cla realizaci\u00f3n de ventas en forma ambulante, el ofrecimiento, prestaci\u00f3n o realizaci\u00f3n de servicios de limpieza de vidrios, custodia o cuidado de rodados, la ejecuci\u00f3n de espect\u00e1culos callejeros (malabares, acrobacias o similares), o cualquier otra actividad an\u00e1loga en la calzada, intersecciones, sem\u00e1foros o espacios p\u00fablicos de circulaci\u00f3n vehicular, sin la debida autorizaci\u00f3n municipal\u201d.<\/p>\n<p>La Resoluci\u00f3n autoriza a la Secretaria de Protecci\u00f3n Ciudadana, a trav\u00e9s de la Subsecretaria de Seguridad a \u201crealizar operativos tendientes a desalentar estas actividades juntamente con las fuerzas de seguridad correspondientes enmarcadas en la Ley Provincial N\u00b0 5592\u201d.<\/p>\n<p><strong>Un riesgo potencial para conductores y peatones<\/strong><br \/>\nEn los considerandos de la Resoluci\u00f3n, el intendente indic\u00f3 que en su art\u00edculo primero, el C\u00f3digo Contravencional se aplica en el \u00e1mbito provincial, \u201ccuando se configure la comisi\u00f3n de las infracciones que se encuentren expresamente tipificadas en la presente, siempre que la conducta no est\u00e9 regulada por leyes especiales con contenido contravencional\u201d.<\/p>\n<p>El intendente advirti\u00f3 que\u00a0\u201cla proliferaci\u00f3n de este tipo de actividades\u201d, como las ventas en forma ambulante, el ofrecimiento o realizaci\u00f3n de limpieza de vidrios, custodia de veh\u00edculos, la ejecuci\u00f3n de espect\u00e1culos callejeros, \u201cimplica un riesgo potencial para la seguridad de conductores y peatones, generando situaciones de distracci\u00f3n, entorpecimiento de la circulaci\u00f3n vehicular e incidentes viales\u201d.<\/p>\n<p>Y se\u00f1al\u00f3 que la regulaci\u00f3n municipal \u201cresulta una herramienta fundamental para fortalecer la prevenci\u00f3n, proteger la seguridad ciudadana y dotar a la autoridad administrativa de facultades precisas para actuar, en el marco del principio de legalidad que rige toda intervenci\u00f3n punitiva estatal\u201d.<\/p>\n<p>La Resoluci\u00f3n que Cort\u00e9s dict\u00f3 ser\u00e1 refrendada por el Secretario de Hacienda, Gonzalo Miguel Lerra, y por la Secretaria Legal y T\u00e9cnica, Yanina S\u00e1nchez.<\/p>\n<h6>Fuente: R\u00edo Negro<\/h6>\n","protected":false},"excerpt":{"rendered":"<p>El intendente dict\u00f3 una Resoluci\u00f3n para prohibir ese tipo de actividades en la calle. Argument\u00f3 que en la Secretar\u00eda de Seguridad del municipio recibieron en lo que va del a\u00f1o numerosos reclamos de vecinos<\/p>\n","protected":false},"author":2,"featured_media":162339,"comment_status":"closed","ping_status":"closed","sticky":false,"template":"","format":"standard","meta":{"footnotes":""},"categories":[2],"tags":[11],"class_list":["post-162338","post","type-post","status-publish","format-standard","has-post-thumbnail","hentry","category-informe-municipal","tag-rio-negro"],"_links":{"self":[{"href":"http:\/\/argentinamunicipal.com.ar\/argentina\/wp-json\/wp\/v2\/posts\/162338","targetHints":{"allow":["GET"]}}],"collection":[{"href":"http:\/\/argentinamunicipal.com.ar\/argentina\/wp-json\/wp\/v2\/posts"}],"about":[{"href":"http:\/\/argentinamunicipal.com.ar\/argentina\/wp-json\/wp\/v2\/types\/post"}],"author":[{"embeddable":true,"href":"http:\/\/argentinamunicipal.com.ar\/argentina\/wp-json\/wp\/v2\/users\/2"}],"replies":[{"embeddable":true,"href":"http:\/\/argentinamunicipal.com.ar\/argentina\/wp-json\/wp\/v2\/comments?post=162338"}],"version-history":[{"count":1,"href":"http:\/\/argentinamunicipal.com.ar\/argentina\/wp-json\/wp\/v2\/posts\/162338\/revisions"}],"predecessor-version":[{"id":162340,"href":"http:\/\/argentinamunicipal.com.ar\/argentina\/wp-json\/wp\/v2\/posts\/162338\/revisions\/162340"}],"wp:featuredmedia":[{"embeddable":true,"href":"http:\/\/argentinamunicipal.com.ar\/argentina\/wp-json\/wp\/v2\/media\/162339"}],"wp:attachment":[{"href":"http:\/\/argentinamunicipal.com.ar\/argentina\/wp-json\/wp\/v2\/media?parent=162338"}],"wp:term":[{"taxonomy":"category","embeddable":true,"href":"http:\/\/argentinamunicipal.com.ar\/argentina\/wp-json\/wp\/v2\/categories?post=162338"},{"taxonomy":"post_tag","embeddable":true,"href":"http:\/\/argentinamunicipal.com.ar\/argentina\/wp-json\/wp\/v2\/tags?post=162338"}],"curies":[{"name":"wp","href":"https:\/\/api.w.org\/{rel}","templated":true}]}}