{"id":162341,"date":"2026-03-13T04:30:42","date_gmt":"2026-03-13T07:30:42","guid":{"rendered":"http:\/\/argentinamunicipal.com.ar\/argentina\/?p=162341"},"modified":"2026-03-11T06:33:41","modified_gmt":"2026-03-11T09:33:41","slug":"de-hijos-y-entenados","status":"publish","type":"post","link":"http:\/\/argentinamunicipal.com.ar\/argentina\/de-hijos-y-entenados\/","title":{"rendered":"De hijos y entenados"},"content":{"rendered":"<p>La pol\u00edtica argentina suele mostrar diferencias marcadas en el trato entre provincias seg\u00fan su alineamiento con el poder central. El caso del financiamiento para la central termoel\u00e9ctrica de Ushuaia vuelve a poner en evidencia una l\u00f3gica tan vieja como persistente: la de premiar a los propios y relegar a los ajenos.<\/p>\n<p>Para referirse al trato desigual entre personas con iguales derechos, el saber popular acu\u00f1\u00f3 la frase \u201cunos son hijos y otros entenados\u201d. Los hijos son los descendientes directos; los entenados \u2014hoy dir\u00edamos hijastros\u2014 representan, en el lenguaje coloquial, a quienes reciben menos consideraci\u00f3n y menos beneficios.<\/p>\n<p>La pol\u00edtica argentina parece haber hecho de esa l\u00f3gica una pr\u00e1ctica habitual. Los gobiernos suelen privilegiar a quienes se alinean con su proyecto pol\u00edtico, mientras que quienes se ubican en la vereda opuesta quedan relegados, postergados o, directamente, ignorados. El financiamiento frustrado para la nueva central termoel\u00e9ctrica de Ushuaia es un ejemplo bastante elocuente.<\/p>\n<p>A fines de diciembre de 2022 la Legislatura fueguina autoriz\u00f3 al Ejecutivo provincial a realizar una operatoria crediticia de hasta 70 millones de d\u00f3lares con el Banco de Desarrollo de Am\u00e9rica Latina (CAF). El objetivo era financiar la construcci\u00f3n y equipamiento de una nueva central termoel\u00e9ctrica en Ushuaia, una obra estrat\u00e9gica para mejorar un sistema energ\u00e9tico que ya mostraba se\u00f1ales evidentes de agotamiento.<\/p>\n<p>La situaci\u00f3n no era menor: el parque de generaci\u00f3n el\u00e9ctrica de la capital fueguina ten\u00eda serias dificultades para garantizar la prestaci\u00f3n normal del servicio y mucho menos para responder a un eventual aumento de la demanda derivado del crecimiento poblacional o de la llegada de nuevos proyectos productivos.<\/p>\n<p>En agosto de 2023 la Legislatura ratific\u00f3 el contrato de pr\u00e9stamo con la CAF y el contrato de contragarant\u00eda que deb\u00eda firmarse entre la Provincia y el Gobierno nacional. El cr\u00e9dito contemplaba una tasa variable equivalente a la tasa SOFR m\u00e1s un 2% de margen y ser\u00eda devuelto en 120 cuotas semestrales, comenzando el pago cinco a\u00f1os y medio despu\u00e9s de la firma.<\/p>\n<p>Como garant\u00eda de pago se ced\u00edan los derechos sobre la coparticipaci\u00f3n federal de impuestos, mientras que la Naci\u00f3n deb\u00eda actuar como garante de la operaci\u00f3n. Era un paso administrativo imprescindible para que el financiamiento pudiera concretarse.<\/p>\n<p>Pero ese paso nunca lleg\u00f3.<\/p>\n<p>El clima de campa\u00f1a electoral que atravesaba el pa\u00eds en 2023, con la disputa presidencial entre el entonces ministro de Econom\u00eda Sergio Massa y el libertario Javier Milei, termin\u00f3 paralizando el visto bueno nacional a la operatoria. El gobernador Gustavo Melella se encontraba alineado pol\u00edticamente con Massa y el peronismo gobernante.<\/p>\n<p>Con la llegada de Milei a la Presidencia y de Luis Caputo al Ministerio de Econom\u00eda, la autorizaci\u00f3n para la contragarant\u00eda sigui\u00f3 congelada. Desde Naci\u00f3n se argument\u00f3 que la delicada situaci\u00f3n econ\u00f3mica del pa\u00eds imped\u00eda avanzar con nuevas garant\u00edas soberanas.<\/p>\n<p>El argumento, sin embargo, empez\u00f3 a perder consistencia pocos meses despu\u00e9s. A partir de junio de 2024 el Gobierno nacional comenz\u00f3 a autorizar operaciones de cr\u00e9dito similares para otras provincias que requer\u00edan exactamente el mismo aval. Salta, Entre R\u00edos, Jujuy, Neuqu\u00e9n y Chaco obtuvieron el visto bueno. Tierra del Fuego, no.<\/p>\n<p>En agosto de ese a\u00f1o el entonces legislador libertario fueguino Agust\u00edn Coto intervino en el tema y mantuvo una reuni\u00f3n con el jefe de Gabinete, Guillermo Francos. Tras el encuentro, ambos se\u00f1alaron que el Gobierno nacional otorgar\u00eda la garant\u00eda soberana necesaria para destrabar el financiamiento.<\/p>\n<p>\u201cEstuvimos con el ministro Francos viendo la factibilidad de avanzar con ello y que la provincia pueda contar con este visto bueno\u201d, sostuvo entonces Coto.<\/p>\n<p>Pero el anuncio qued\u00f3 en eso: un anuncio.<\/p>\n<p>Los meses pasaron, el a\u00f1o termin\u00f3 y la autorizaci\u00f3n nunca se concret\u00f3. Mientras tanto, otras provincias \u2014como R\u00edo Negro, Mendoza y C\u00f3rdoba\u2014 siguieron obteniendo garant\u00edas soberanas para acceder a financiamiento internacional.<\/p>\n<p>Ante ese escenario, el Gobierno provincial decidi\u00f3 buscar otra alternativa. El gobernador Melella firm\u00f3 finalmente un contrato con la empresa china Rainbow International Xi\u2019an Engineering para construir la nueva central termoel\u00e9ctrica de Ushuaia por m\u00e1s de 60 millones de d\u00f3lares, dejando atr\u00e1s la operatoria con la CAF.<\/p>\n<p>La obra comenz\u00f3 a ejecutarse a principios de 2026 y tendr\u00e1 un plazo estimado de 18 meses. Para entonces, Agust\u00edn Coto ya hab\u00eda sido elegido senador nacional por Tierra del Fuego y hab\u00eda asumido su banca a mediados de diciembre de 2025.<\/p>\n<p>El episodio deja una conclusi\u00f3n dif\u00edcil de ignorar. M\u00e1s all\u00e1 de los discursos sobre la \u201ccasta\u201d, la renovaci\u00f3n de la pol\u00edtica o la promesa de terminar con los privilegios, las pr\u00e1cticas parecen cambiar bastante menos de lo que se declama.<\/p>\n<p>Porque cuando llega el momento de tomar decisiones concretas, la pol\u00edtica argentina sigue funcionando, demasiadas veces, bajo la vieja l\u00f3gica de siempre: algunos son hijos\u2026 y otros siguen siendo los entenados.<\/p>\n<p>(*) El Comit\u00e9 Editorial est\u00e1 conformado por un grupo de periodistas de EDFM. El desarrollo editorial est\u00e1 basado en su experiencia, investigaci\u00f3n y debates sobre los temas abordados<\/p>\n<h6>Fuente: El Diario del Fin del Mundo<\/h6>\n","protected":false},"excerpt":{"rendered":"<p>La pol\u00edtica argentina suele mostrar diferencias marcadas en el trato entre provincias seg\u00fan su alineamiento con el poder central.<\/p>\n","protected":false},"author":2,"featured_media":162342,"comment_status":"closed","ping_status":"closed","sticky":false,"template":"","format":"standard","meta":{"footnotes":""},"categories":[6],"tags":[21],"class_list":["post-162341","post","type-post","status-publish","format-standard","has-post-thumbnail","hentry","category-opiniones","tag-argentina"],"_links":{"self":[{"href":"http:\/\/argentinamunicipal.com.ar\/argentina\/wp-json\/wp\/v2\/posts\/162341","targetHints":{"allow":["GET"]}}],"collection":[{"href":"http:\/\/argentinamunicipal.com.ar\/argentina\/wp-json\/wp\/v2\/posts"}],"about":[{"href":"http:\/\/argentinamunicipal.com.ar\/argentina\/wp-json\/wp\/v2\/types\/post"}],"author":[{"embeddable":true,"href":"http:\/\/argentinamunicipal.com.ar\/argentina\/wp-json\/wp\/v2\/users\/2"}],"replies":[{"embeddable":true,"href":"http:\/\/argentinamunicipal.com.ar\/argentina\/wp-json\/wp\/v2\/comments?post=162341"}],"version-history":[{"count":1,"href":"http:\/\/argentinamunicipal.com.ar\/argentina\/wp-json\/wp\/v2\/posts\/162341\/revisions"}],"predecessor-version":[{"id":162343,"href":"http:\/\/argentinamunicipal.com.ar\/argentina\/wp-json\/wp\/v2\/posts\/162341\/revisions\/162343"}],"wp:featuredmedia":[{"embeddable":true,"href":"http:\/\/argentinamunicipal.com.ar\/argentina\/wp-json\/wp\/v2\/media\/162342"}],"wp:attachment":[{"href":"http:\/\/argentinamunicipal.com.ar\/argentina\/wp-json\/wp\/v2\/media?parent=162341"}],"wp:term":[{"taxonomy":"category","embeddable":true,"href":"http:\/\/argentinamunicipal.com.ar\/argentina\/wp-json\/wp\/v2\/categories?post=162341"},{"taxonomy":"post_tag","embeddable":true,"href":"http:\/\/argentinamunicipal.com.ar\/argentina\/wp-json\/wp\/v2\/tags?post=162341"}],"curies":[{"name":"wp","href":"https:\/\/api.w.org\/{rel}","templated":true}]}}