{"id":162344,"date":"2026-03-16T04:37:29","date_gmt":"2026-03-16T07:37:29","guid":{"rendered":"http:\/\/argentinamunicipal.com.ar\/argentina\/?p=162344"},"modified":"2026-03-11T18:56:26","modified_gmt":"2026-03-11T21:56:26","slug":"una-ciudad-de-buenos-aires-cada-vez-mas-fantasmal-hay-casi-40-mas-de-locales-vacios-que-hace-un-ano","status":"publish","type":"post","link":"http:\/\/argentinamunicipal.com.ar\/argentina\/una-ciudad-de-buenos-aires-cada-vez-mas-fantasmal-hay-casi-40-mas-de-locales-vacios-que-hace-un-ano\/","title":{"rendered":"Una Ciudad de Buenos Aires cada vez m\u00e1s fantasmal: hay casi 40% m\u00e1s de locales vac\u00edos que hace un a\u00f1o"},"content":{"rendered":"<p>La fuerte baja del consumo impacta en la actividad comercial.<\/p>\n<p>Un relevamiento de la\u00a0C\u00e1mara Argentina de Servicios (CAC)\u00a0advierte que durante el bimestre enero-febrero de este a\u00f1o\u00a0subi\u00f3 38,5% el n\u00famero de locales vac\u00edos\u00a0en las principales\u00a0\u00e1reas comerciales de\u00a0la\u00a0Ciudad de Buenos Aires\u00a0con respecto al mismo per\u00edodo de 2025.<\/p>\n<p>En concreto, durante los primeros dos meses de 2026 se detectaron un total de 284 locales en venta, alquiler o cerrados en las \u00e1reas relevadas. Por otra parte, respecto a la medici\u00f3n anterior correspondiente a noviembre-diciembre de 2025, se detect\u00f3 un crecimiento del 43,4%, ya que entonces los locales vac\u00edos hab\u00edan sido 198.<\/p>\n<p>Solo en locales en\u00a0alquileres, en enero y febrero de 2026 la suba fue de 158,8% en comparaci\u00f3n al mismo lapso de 2025.\u00a0En relaci\u00f3n al \u00faltimo bimestre del a\u00f1o, los alquileres se incrementaron 91,2%.<\/p>\n<p><strong>Los datos en La Plata son peores<\/strong><br \/>\nA partir de los datos analizados por la\u00a0CAC de un relevamiento efectuado por la Federaci\u00f3n de Mayoristas y Proveedores del Estado de la Provincia de Buenos Aires (FEMAPE) se determin\u00f3 que,\u00a0durante enero-febrero de 2026, en comparaci\u00f3n con el mismo relevamiento de 2025, se registr\u00f3 un crecimiento de 180% en el n\u00famero de locales inactivos en las principales \u00e1reas comerciales de La Plata.<\/p>\n<p>El informe destaca que en el primer bimestre del a\u00f1o pasado solo se hab\u00edan detectado 5 locales inactivos, que ahora son 14. Asimismo, comparado con el bimestre previo, noviembre-diciembre de 2025, hubo un aumento de 7,7%. Entre el fuerte aumento en las tarifas y alquileres y los despidos y el congelamiento de los salarios que provocan la baja en el consumo, se ha complejizado la supervivencia de los locales comerciales.<\/p>\n<h6>Fuente: P\u00e1gina 12<\/h6>\n","protected":false},"excerpt":{"rendered":"<p>La fuerte baja del consumo impacta en la actividad comercial.<\/p>\n","protected":false},"author":2,"featured_media":162345,"comment_status":"closed","ping_status":"closed","sticky":false,"template":"","format":"standard","meta":{"footnotes":""},"categories":[2],"tags":[12],"class_list":["post-162344","post","type-post","status-publish","format-standard","has-post-thumbnail","hentry","category-informe-municipal","tag-buenos-aires"],"_links":{"self":[{"href":"http:\/\/argentinamunicipal.com.ar\/argentina\/wp-json\/wp\/v2\/posts\/162344","targetHints":{"allow":["GET"]}}],"collection":[{"href":"http:\/\/argentinamunicipal.com.ar\/argentina\/wp-json\/wp\/v2\/posts"}],"about":[{"href":"http:\/\/argentinamunicipal.com.ar\/argentina\/wp-json\/wp\/v2\/types\/post"}],"author":[{"embeddable":true,"href":"http:\/\/argentinamunicipal.com.ar\/argentina\/wp-json\/wp\/v2\/users\/2"}],"replies":[{"embeddable":true,"href":"http:\/\/argentinamunicipal.com.ar\/argentina\/wp-json\/wp\/v2\/comments?post=162344"}],"version-history":[{"count":1,"href":"http:\/\/argentinamunicipal.com.ar\/argentina\/wp-json\/wp\/v2\/posts\/162344\/revisions"}],"predecessor-version":[{"id":162346,"href":"http:\/\/argentinamunicipal.com.ar\/argentina\/wp-json\/wp\/v2\/posts\/162344\/revisions\/162346"}],"wp:featuredmedia":[{"embeddable":true,"href":"http:\/\/argentinamunicipal.com.ar\/argentina\/wp-json\/wp\/v2\/media\/162345"}],"wp:attachment":[{"href":"http:\/\/argentinamunicipal.com.ar\/argentina\/wp-json\/wp\/v2\/media?parent=162344"}],"wp:term":[{"taxonomy":"category","embeddable":true,"href":"http:\/\/argentinamunicipal.com.ar\/argentina\/wp-json\/wp\/v2\/categories?post=162344"},{"taxonomy":"post_tag","embeddable":true,"href":"http:\/\/argentinamunicipal.com.ar\/argentina\/wp-json\/wp\/v2\/tags?post=162344"}],"curies":[{"name":"wp","href":"https:\/\/api.w.org\/{rel}","templated":true}]}}