{"id":162347,"date":"2026-03-13T04:45:02","date_gmt":"2026-03-13T07:45:02","guid":{"rendered":"http:\/\/argentinamunicipal.com.ar\/argentina\/?p=162347"},"modified":"2026-03-11T18:59:46","modified_gmt":"2026-03-11T21:59:46","slug":"colon-conformo-mesa-de-trabajo-con-abogados-y-ambientalistas-para-lograr-la-reubicacion-de-planta-de-combustible-en-uruguay","status":"publish","type":"post","link":"http:\/\/argentinamunicipal.com.ar\/argentina\/colon-conformo-mesa-de-trabajo-con-abogados-y-ambientalistas-para-lograr-la-reubicacion-de-planta-de-combustible-en-uruguay\/","title":{"rendered":"Col\u00f3n conform\u00f3 mesa de trabajo con abogados y ambientalistas para lograr la reubicaci\u00f3n de planta de combustible en Uruguay"},"content":{"rendered":"<p>La intenci\u00f3n es consolidar la agenda de acciones coordinadas. La pr\u00f3xima reuni\u00f3n se realizar\u00e1 en el plazo de diez d\u00edas, con el objetivo de dar seguimiento a lo trabajado y avanzar en definiciones concretas.<\/p>\n<p>La Municipalidad de Col\u00f3n mantuvo una reuni\u00f3n de trabajo junto a representantes de organizaciones ambientales y especialistas en derecho ambiental, una nueva instancia conjunta de la agenda de abordaje sobre la situaci\u00f3n vinculada al proyecto HIF.<\/p>\n<p>La actividad se desarroll\u00f3 con el prop\u00f3sito de avanzar en una mesa de trabajo que integre distintas miradas y capacidades t\u00e9cnicas, en un contexto en el que la comunidad de Col\u00f3n viene manifestando su preocupaci\u00f3n por el impacto que podr\u00eda generar el proyecto HIF sobre el ambiente, la salud y el desarrollo local.<\/p>\n<p><strong>Articulaci\u00f3n entre el Municipio, la comunidad y especialistas<\/strong><\/p>\n<p>Durante la reuni\u00f3n se acord\u00f3 un trabajo conjunto entre el Estado municipal, organizaciones sociales y profesionales especializados en derecho ambiental. La intenci\u00f3n es consolidar la agenda de acciones coordinadas que permitan fortalecer los argumentos t\u00e9cnicos, jur\u00eddicos e institucionales en torno a la problem\u00e1tica.<\/p>\n<p>La Municipalidad de Col\u00f3n viene sosteniendo un rol activo en el acompa\u00f1amiento a la comunidad y en la generaci\u00f3n de espacios de di\u00e1logo y construcci\u00f3n colectiva, entendiendo que la defensa del r\u00edo Uruguay y del desarrollo regional requiere compromiso, informaci\u00f3n y articulaci\u00f3n.<\/p>\n<p><strong>Pr\u00f3xima reuni\u00f3n en diez d\u00edas<\/strong><\/p>\n<p>Como resultado del encuentro, se resolvi\u00f3 continuar con esta agenda com\u00fan y realizar una nueva reuni\u00f3n en el plazo de diez d\u00edas, con el objetivo de dar seguimiento a lo trabajado y avanzar en definiciones concretas.<\/p>\n<p>Desde el Municipio se destac\u00f3 la importancia de seguir sumando herramientas, sostener la unidad de la comunidad y fortalecer todas las acciones institucionales necesarias para defender el ambiente y los intereses de Col\u00f3n.<\/p>\n<p>Del encuentro participaron el Secretario de Gobierno, Mariano Bravo; el Secretario de Desarrollo Humano, Juan Pablo Villalba; el Secretario de Turismo y Cultura Federico Escher; el subsecretario de Gesti\u00f3n y Asuntos legales, Daniel Kolankowski, el director de Ambiente, Roberto Bergara, la concejal Karen Kuliat; el Licenciado en Relaciones Internacionales Mauro Collajovsky; representantes de Somos Ambiente, Col\u00f3n en Riesgo y abogados ambientalistas convocados para aportar herramientas t\u00e9cnicas y legales al proceso.<\/p>\n<p>Adem\u00e1s estuvieron presentes el Dr. Enrique Viale, presidente de la Asociaci\u00f3n Argentina de Abogados\/as Ambientalistas, y el Dr. Jorge Daneri, abogado del \u00e1rea legal, quienes aportaron una mirada especializada para comenzar a delinear estrategias de trabajo conjunto.<\/p>\n<h6>Fuente: APFDigital<\/h6>\n","protected":false},"excerpt":{"rendered":"<p>La intenci\u00f3n es consolidar la agenda de acciones coordinadas. La pr\u00f3xima reuni\u00f3n se realizar\u00e1 en el plazo de diez d\u00edas, con el objetivo de dar seguimiento a lo trabajado y avanzar en definiciones concretas.<\/p>\n","protected":false},"author":2,"featured_media":162348,"comment_status":"closed","ping_status":"closed","sticky":false,"template":"","format":"standard","meta":{"footnotes":""},"categories":[2],"tags":[17],"class_list":["post-162347","post","type-post","status-publish","format-standard","has-post-thumbnail","hentry","category-informe-municipal","tag-entre-rios"],"_links":{"self":[{"href":"http:\/\/argentinamunicipal.com.ar\/argentina\/wp-json\/wp\/v2\/posts\/162347","targetHints":{"allow":["GET"]}}],"collection":[{"href":"http:\/\/argentinamunicipal.com.ar\/argentina\/wp-json\/wp\/v2\/posts"}],"about":[{"href":"http:\/\/argentinamunicipal.com.ar\/argentina\/wp-json\/wp\/v2\/types\/post"}],"author":[{"embeddable":true,"href":"http:\/\/argentinamunicipal.com.ar\/argentina\/wp-json\/wp\/v2\/users\/2"}],"replies":[{"embeddable":true,"href":"http:\/\/argentinamunicipal.com.ar\/argentina\/wp-json\/wp\/v2\/comments?post=162347"}],"version-history":[{"count":1,"href":"http:\/\/argentinamunicipal.com.ar\/argentina\/wp-json\/wp\/v2\/posts\/162347\/revisions"}],"predecessor-version":[{"id":162349,"href":"http:\/\/argentinamunicipal.com.ar\/argentina\/wp-json\/wp\/v2\/posts\/162347\/revisions\/162349"}],"wp:featuredmedia":[{"embeddable":true,"href":"http:\/\/argentinamunicipal.com.ar\/argentina\/wp-json\/wp\/v2\/media\/162348"}],"wp:attachment":[{"href":"http:\/\/argentinamunicipal.com.ar\/argentina\/wp-json\/wp\/v2\/media?parent=162347"}],"wp:term":[{"taxonomy":"category","embeddable":true,"href":"http:\/\/argentinamunicipal.com.ar\/argentina\/wp-json\/wp\/v2\/categories?post=162347"},{"taxonomy":"post_tag","embeddable":true,"href":"http:\/\/argentinamunicipal.com.ar\/argentina\/wp-json\/wp\/v2\/tags?post=162347"}],"curies":[{"name":"wp","href":"https:\/\/api.w.org\/{rel}","templated":true}]}}