{"id":162353,"date":"2026-03-16T04:45:49","date_gmt":"2026-03-16T07:45:49","guid":{"rendered":"http:\/\/argentinamunicipal.com.ar\/argentina\/?p=162353"},"modified":"2026-03-11T19:08:38","modified_gmt":"2026-03-11T22:08:38","slug":"nueva-coparticipacion-en-rio-negro-los-intendentes-cordilleranos-ganan-y-celebran-el-esquema","status":"publish","type":"post","link":"http:\/\/argentinamunicipal.com.ar\/argentina\/nueva-coparticipacion-en-rio-negro-los-intendentes-cordilleranos-ganan-y-celebran-el-esquema\/","title":{"rendered":"Nueva coparticipaci\u00f3n en R\u00edo Negro: los intendentes cordilleranos ganan y celebran el esquema"},"content":{"rendered":"<p>Con la actualizaci\u00f3n poblacional, Bariloche tendr\u00e1 un 5% m\u00e1s; El Bols\u00f3n un 27% y Dina Huapi un 50% m\u00e1s de recursos. El ministro R\u00edos encabez\u00f3 un nuevo encuentro zonal.<\/p>\n<p>Los intendentes de la cordillera tuvieron hoy su turno en la mesa de di\u00e1logo impulsada por el ministro de Gobierno y Trabajo, Agust\u00edn R\u00edos, y expresaron su apoyo un\u00e1nime al nuevo esquema planteado en base a los datos del Censo 2022, a pesar de tener diferencias con el resultado de esa medici\u00f3n, pero coincidieron que se trata de la metodolog\u00eda m\u00e1s fiable.<\/p>\n<p>La reuni\u00f3n fue amena y no se extendi\u00f3 demasiado porque en la cordillera todos los intendentes salen ganando con el nuevo esquema. Dina Huapi recibir\u00e1 un 50% m\u00e1s seg\u00fan las proyecciones de los aportes del 2025; El Bols\u00f3n un 27% m\u00e1s; Bariloche un 5% m\u00e1s y solo \u00d1orquinco, entre los jefes comunales presentes, tiene una retracci\u00f3n del -2%, que ser\u00e1 compensado.<\/p>\n<p>Walter Cort\u00e9s (Bariloche), Hugo Cobarrubia (Dina Huapi), Bruno Pogliano (El Bols\u00f3n) y Miguel Cuminao (\u00d1orquinco) fueron los invitados en la tercera reuni\u00f3n regional que encabeza el ministro junto a la secretaria de Gobierno, Natalia Almonacid, y equipos de Hacienda, Estad\u00edstica y Censos, y Agencia de Recaudaci\u00f3n.<\/p>\n<p>\u201cLa reuni\u00f3n fue muy positiva, venimos con una buena sinton\u00eda con los intendentes\u201d, valor\u00f3 R\u00edos en di\u00e1logo con Diario R\u00cdO NEGRO. En la misma l\u00ednea se expresaron los jefes comunales que pusieron en valor el \u201cpunto de partida\u201d del gobernador Alberto Weretilneck de actualizar la coparticipaci\u00f3n que hoy se basa en los datos poblacionales de 1991.<\/p>\n<p>R\u00edos se\u00f1al\u00f3 que en todos los encuentros realizados hasta el momento con los intendentes (estuvo en Regina y Viedma anteriormente) \u201ctodos quedan conformes en cuanto a que los datos y la metodolog\u00eda que se utiliza son las \u00fanicas razonables hoy, m\u00e1s all\u00e1 de alguna disconformidad, para actualizar los datos todas las otras variables presentan un sesgo\u201d, se\u00f1al\u00f3 y puntualiz\u00f3 que el padr\u00f3n y los medidores de electricidad fueron tomados en cuenta y se realizaron simulaciones pero se descartar\u00edan como variable porque no representan de manera fiel la realidad poblacional.<\/p>\n<p>El ministro admiti\u00f3 que de alguna manera se van \u201cdescartando\u201d esas opciones y remarc\u00f3 que \u201clos intendentes se terminan de conformar y validar que el censo y c\u00f3mo impacta la recaudaci\u00f3n son los \u00fanicos mecanismos sinceros que tenemos, homog\u00e9neos y directos para actualizar los datos\u201d.<\/p>\n<p><strong>Cort\u00e9s, Pogliano y Cobarrubia destacan la discusi\u00f3n<\/strong><br \/>\nCort\u00e9s destac\u00f3 que se discuta la actualizaci\u00f3n de la coparticipaci\u00f3n y pidi\u00f3 \u201cdarle m\u00e1s protagonismo a las intendencias, hay que empezar de abajo para arriba, de esa forma se va a poder gobernar bien y se va a poder repartir bien\u201d.<\/p>\n<p>\u201cLas municipalidades de alguna forma tienen que ser oficialistas porque aislarse no llega a nada\u00a0y el que sufre es el pueblo y nosotros tenemos que responder a las necesidades de la gente\u201d, dijo el barilochense que tiene buena sinton\u00eda con el gobernador Weretilneck y valor\u00f3 que su ciudad obtendr\u00eda unos\u00a0195 millones de pesos m\u00e1s.<\/p>\n<p>Pogliano destac\u00f3 \u201cla convocatoria del gobernador para hablar de una ley que tiene un anclaje del a\u00f1o \u201991, que se basa en datos que no tienen actualidad, es una ley que hay que modernizar y agilizar\u201d, alent\u00f3 y remarc\u00f3 que El Bols\u00f3n con su crecimiento poblacional le permitir\u00e1 obtener unos 137 millones de pesos m\u00e1s.<\/p>\n<p>\u201cLa coparticipaci\u00f3n y todo ingreso que mejore en un momento dif\u00edcil de la econom\u00eda es bienvenido, como bien dice el gobernador no hablamos de ganadores o perdedores, hablamos de equidad, de modernizar una ley que tenga datos que se ajusten a la realidad\u201d, enfatiz\u00f3 Pogliano a quien la coparticipaci\u00f3n le representa el 40% de los ingresos del municipio, una ecuaci\u00f3n que revirti\u00f3 en su gesti\u00f3n.<\/p>\n<p>Para Cobarrubia, uno de los intendentes que tendr\u00e1 el mayor salto en coparticipaci\u00f3n con un crecimiento del 50%, la discusi\u00f3n \u201ces el punto de partida bueno para avanzar en este tema que estaba muy retra\u00eddo\u201d. Su comuna recibir\u00eda unos 89 millones de pesos m\u00e1s por mes.<\/p>\n<h6>Fuente: R\u00edo Negro<\/h6>\n","protected":false},"excerpt":{"rendered":"<p>Con la actualizaci\u00f3n poblacional, Bariloche tendr\u00e1 un 5% m\u00e1s; El Bols\u00f3n un 27% y Dina Huapi un 50% m\u00e1s de recursos. El ministro R\u00edos encabez\u00f3 un nuevo encuentro zonal.<\/p>\n","protected":false},"author":2,"featured_media":162354,"comment_status":"closed","ping_status":"closed","sticky":false,"template":"","format":"standard","meta":{"footnotes":""},"categories":[4],"tags":[11],"class_list":["post-162353","post","type-post","status-publish","format-standard","has-post-thumbnail","hentry","category-informe-politico","tag-rio-negro"],"_links":{"self":[{"href":"http:\/\/argentinamunicipal.com.ar\/argentina\/wp-json\/wp\/v2\/posts\/162353","targetHints":{"allow":["GET"]}}],"collection":[{"href":"http:\/\/argentinamunicipal.com.ar\/argentina\/wp-json\/wp\/v2\/posts"}],"about":[{"href":"http:\/\/argentinamunicipal.com.ar\/argentina\/wp-json\/wp\/v2\/types\/post"}],"author":[{"embeddable":true,"href":"http:\/\/argentinamunicipal.com.ar\/argentina\/wp-json\/wp\/v2\/users\/2"}],"replies":[{"embeddable":true,"href":"http:\/\/argentinamunicipal.com.ar\/argentina\/wp-json\/wp\/v2\/comments?post=162353"}],"version-history":[{"count":1,"href":"http:\/\/argentinamunicipal.com.ar\/argentina\/wp-json\/wp\/v2\/posts\/162353\/revisions"}],"predecessor-version":[{"id":162355,"href":"http:\/\/argentinamunicipal.com.ar\/argentina\/wp-json\/wp\/v2\/posts\/162353\/revisions\/162355"}],"wp:featuredmedia":[{"embeddable":true,"href":"http:\/\/argentinamunicipal.com.ar\/argentina\/wp-json\/wp\/v2\/media\/162354"}],"wp:attachment":[{"href":"http:\/\/argentinamunicipal.com.ar\/argentina\/wp-json\/wp\/v2\/media?parent=162353"}],"wp:term":[{"taxonomy":"category","embeddable":true,"href":"http:\/\/argentinamunicipal.com.ar\/argentina\/wp-json\/wp\/v2\/categories?post=162353"},{"taxonomy":"post_tag","embeddable":true,"href":"http:\/\/argentinamunicipal.com.ar\/argentina\/wp-json\/wp\/v2\/tags?post=162353"}],"curies":[{"name":"wp","href":"https:\/\/api.w.org\/{rel}","templated":true}]}}