{"id":162359,"date":"2026-03-16T04:13:34","date_gmt":"2026-03-16T07:13:34","guid":{"rendered":"http:\/\/argentinamunicipal.com.ar\/argentina\/?p=162359"},"modified":"2026-03-11T19:17:38","modified_gmt":"2026-03-11T22:17:38","slug":"inauguraron-la-oficina-de-la-mujer-y-la-familia-en-los-antiguos","status":"publish","type":"post","link":"http:\/\/argentinamunicipal.com.ar\/argentina\/inauguraron-la-oficina-de-la-mujer-y-la-familia-en-los-antiguos\/","title":{"rendered":"Inauguraron la Oficina de la Mujer y la Familia en Los Antiguos"},"content":{"rendered":"<p>\u201cSu creaci\u00f3n responde a una realidad concreta y a una necesidad que durante mucho tiempo la comunidad ha se\u00f1alado\u201d, se\u00f1al\u00f3 Andrea Navedo, concejal de la localidad. El deber principal de este espacio ser\u00e1 brindar asesoramiento, orientaci\u00f3n y claridad a las personas en momentos de profunda vulnerabilidad.<\/p>\n<p>En el dia de ayer se llev\u00f3 a cabo el acto de inauguraci\u00f3n de la Oficina de la Mujer y la Familia en Los Antiguos, del cual participaron la intendenta municipal, Zulma Neira, La presidente del Honorable Concejo Deliberante, Andrea Navedo, junto a los ediles Irma Victoria M\u00e9ndez, Gustavo Herrera y Fany Aguirre, adem\u00e1s de autoridades provinciales, judiciales, y representantes de distintas instituciones de la comunidad, junto con autoridades locales que acompa\u00f1aron este momento significativo.<\/p>\n<p>Al cierre del acto inaugural, la concejal Andrea Navedo se\u00f1al\u00f3 que \u201cla inauguraci\u00f3n de la Oficina de la Mujer y la Familia de la Polic\u00eda de Santa Cruz no es un hecho menor, ni meramente administrativo\u201d, al remarcar que\u00a0\u201csu creaci\u00f3n responde a una realidad concreta y a una necesidad que durante mucho tiempo la comunidad ha se\u00f1alado,\u00a0que es la de contar con un espacio institucional preparado para acompa\u00f1ar, proteger y orientar a quienes atraviesan situaciones de violencia o profunda vulnerabilidad dentro del \u00e1mbito familiar\u201d.<\/p>\n<p>Vale la pena se\u00f1alar que la creaci\u00f3n de esta secci\u00f3n fue dispuesta por el Jefe de Polic\u00eda de la Provincia de Santa Cruz, Comisario General Diego Mart\u00edn Ag\u00fcero, mediante la Disposici\u00f3n N.\u00ba 232-JP\/2026. En este contexto, las palabras de la Oficial Cabo Primero Linares Carina, permitieron comprender con claridad el esp\u00edritu que da nombre y sentido a esta oficina, ya que explic\u00f3 que se trata de una \u201cGu\u00eda Pionera Antig\u00fcense\u201d.<\/p>\n<p>El deber principal de este espacio ser\u00e1 brindar asesoramiento, orientaci\u00f3n y claridad a las personas en momentos de profunda vulnerabilidad. Esta instituci\u00f3n debe ser el primer lugar al que alguien acuda cuando necesita protecci\u00f3n, abriendo los caminos m\u00e1s r\u00e1pidos y efectivos para asistir a quien lo requiera.<\/p>\n<p>\u201cLa idea de crear este espacio nace del conocimiento real de nuestra comunidad, de sus necesidades y de las carencias que durante a\u00f1os han sido visibles en la localidad\u201d, dijo Navedo, y expres\u00f3: \u201cDebe guiar el trabajo de este \u00e1mbito: actuar dentro de la ley, con profesionalismo, imparcialidad y absoluto respeto por las personas. Este nuevo espacio permitir\u00e1 trabajar con personal capacitado, garantizando atenci\u00f3n responsable, confidencial y respetuosa, y articulando acciones con las distintas \u00e1reas e instituciones de Los Antiguos\u201d.<\/p>\n<p>Por \u00faltimo, la edil remarc\u00f3: \u201cDesde el Honorable Concejo Deliberante, entendemos que la apertura de esta oficina es un paso importante para nuestra comunidad, pero tambi\u00e9n sabemos que su verdadero valor no estar\u00e1 solo en su inauguraci\u00f3n, sino en el acompa\u00f1amiento permanente de las instituciones y de la sociedad para que este lugar se mantenga firme en su prop\u00f3sito: ser un espacio de resguardo, orientaci\u00f3n y protecci\u00f3n para quienes m\u00e1s lo necesitan\u201d.<\/p>\n<h6>Fuente: Tiempo Sur<\/h6>\n","protected":false},"excerpt":{"rendered":"<p>\u201cSu creaci\u00f3n responde a una realidad concreta y a una necesidad que durante mucho tiempo la comunidad ha se\u00f1alado\u201d, se\u00f1al\u00f3 Andrea Navedo, concejal de la localidad.<\/p>\n","protected":false},"author":2,"featured_media":162361,"comment_status":"closed","ping_status":"closed","sticky":false,"template":"","format":"standard","meta":{"footnotes":""},"categories":[2],"tags":[29],"class_list":["post-162359","post","type-post","status-publish","format-standard","has-post-thumbnail","hentry","category-informe-municipal","tag-santa-cruz"],"_links":{"self":[{"href":"http:\/\/argentinamunicipal.com.ar\/argentina\/wp-json\/wp\/v2\/posts\/162359","targetHints":{"allow":["GET"]}}],"collection":[{"href":"http:\/\/argentinamunicipal.com.ar\/argentina\/wp-json\/wp\/v2\/posts"}],"about":[{"href":"http:\/\/argentinamunicipal.com.ar\/argentina\/wp-json\/wp\/v2\/types\/post"}],"author":[{"embeddable":true,"href":"http:\/\/argentinamunicipal.com.ar\/argentina\/wp-json\/wp\/v2\/users\/2"}],"replies":[{"embeddable":true,"href":"http:\/\/argentinamunicipal.com.ar\/argentina\/wp-json\/wp\/v2\/comments?post=162359"}],"version-history":[{"count":1,"href":"http:\/\/argentinamunicipal.com.ar\/argentina\/wp-json\/wp\/v2\/posts\/162359\/revisions"}],"predecessor-version":[{"id":162362,"href":"http:\/\/argentinamunicipal.com.ar\/argentina\/wp-json\/wp\/v2\/posts\/162359\/revisions\/162362"}],"wp:featuredmedia":[{"embeddable":true,"href":"http:\/\/argentinamunicipal.com.ar\/argentina\/wp-json\/wp\/v2\/media\/162361"}],"wp:attachment":[{"href":"http:\/\/argentinamunicipal.com.ar\/argentina\/wp-json\/wp\/v2\/media?parent=162359"}],"wp:term":[{"taxonomy":"category","embeddable":true,"href":"http:\/\/argentinamunicipal.com.ar\/argentina\/wp-json\/wp\/v2\/categories?post=162359"},{"taxonomy":"post_tag","embeddable":true,"href":"http:\/\/argentinamunicipal.com.ar\/argentina\/wp-json\/wp\/v2\/tags?post=162359"}],"curies":[{"name":"wp","href":"https:\/\/api.w.org\/{rel}","templated":true}]}}