{"id":162363,"date":"2026-03-11T19:23:24","date_gmt":"2026-03-11T22:23:24","guid":{"rendered":"http:\/\/argentinamunicipal.com.ar\/argentina\/?p=162363"},"modified":"2026-03-11T19:23:24","modified_gmt":"2026-03-11T22:23:24","slug":"escudo-de-las-americas-trump-estrecha-el-cerco-contra-cuba","status":"publish","type":"post","link":"http:\/\/argentinamunicipal.com.ar\/argentina\/escudo-de-las-americas-trump-estrecha-el-cerco-contra-cuba\/","title":{"rendered":"Escudo de las Am\u00e9ricas: Trump estrecha el cerco contra Cuba"},"content":{"rendered":"<p>Luego de la cumbre presidencial con Donald Trump del 7 de marzo, en la que se conform\u00f3 la coalici\u00f3n de derecha Escudo de las Am\u00e9ricas, finalmente qued\u00f3 conformado el cerco contra Cuba.<\/p>\n<p>Rodrigo Chaves, presidente de Costa Rica; Luis Abinader, de Rep\u00fablica Dominicana; Nayib Bukele, de El Salvador; Tito Asfura, de Honduras; Mohamed Irfaan Al\u00ed, de Guyana; Jos\u00e9 Mulino, de Panam\u00e1; y Kamla Persad-Bissessar, de Trinidad y Tobago conforman el subgrupo de El Caribe que operar\u00e1 de manera subsidiaria a la Casa Blanca (o al estilo \u201cproxy\u201d) para profundizar el bloqueo frente a Cuba. El objetivo final no ser\u00eda otro que provocar\u00a0la ca\u00edda del gobierno de Miguel D\u00edaz-Canel, en lo que el caudillo republicano caracteriz\u00f3, apenas, como una \u201ctoma amistosa\u201d.<\/p>\n<p>A diferencia del apetito insaciable frente a los recursos estrat\u00e9gicos existentes en Venezuela e Ir\u00e1n,\u00a0la ocupaci\u00f3n de Cuba ser\u00eda para el gobierno de Trump una conquista moral, bajo la certeza de que el \u201cbien\u201d triunfa sobre el \u201cmal\u201d, o de que la \u201clibertad\u201d prevalece siempre sobre la \u201copresi\u00f3n\u201d.<\/p>\n<p>Se suma tambi\u00e9n la megaloman\u00eda del viejo caudillo que con su anhelado paso triunfal por La Habana espera ocupar un lugar en la historia nacional por encima de Ronald Reagan, primer impulsor del modelo neoliberal y del posterior quiebre del bloque sovi\u00e9tico; de Franklin D. Roosevelt, el l\u00edder pol\u00edtico de los aliados frente al Eje nazi fascista en tiempos de la Segunda Guerra Mundial; y, sobre todo, de su admirado William Mc Kinley quien, entre 1897 y 1901, se convirti\u00f3 en el principal arquitecto del imperialismo estadounidense con la anexi\u00f3n de Hawaii, la planificaci\u00f3n de lo que luego ser\u00eda el Canal de Panam\u00e1, una mayor presencia norteamericana en Venezuela frente a la amenaza de la Guyana brit\u00e1nica, y la intervenci\u00f3n armada contra Espa\u00f1a para favorecer el control sobre sus ex colonias Puerto Rico, Guam, las Filipinas y Cuba\u2026<\/p>\n<p>Neutralizada la amenaza venezolana\u00a0y reconvertida en algo todav\u00eda confuso e incierto,\u00a0solo subsiste Cuba, con su simple existencia, para denunciar los arrebatos expansivos e imperiales de un gobierno dispuesto a todo para reconfigurar la geopol\u00edtica global a su favor y de acuerdo con sus propios requerimientos.<\/p>\n<p>Con una salvedad: Estados Unidos se asume hoy destinado a confrontar violentamente con otras potencias o con aquellos reg\u00edmenes a los que considera como una amenaza para la paz. Seg\u00fan el criterio desenvuelto desde la Casa Blanca, Cuba requerir\u00eda otra estrategia, en la que pese m\u00e1s la presi\u00f3n econ\u00f3mica que el impulso pol\u00edtico y, por supuesto, que el arrebato b\u00e9lico.<\/p>\n<p>Y no ser\u00e1 \u00fanicamente desde Washington que se lleve adelante el asedio que derrumbe a ese Estado surgido desde la popular revoluci\u00f3n del \u201959. De ah\u00ed que se considere necesaria la cooperaci\u00f3n de un grupo de naciones dispuesto a asumir buena parte del costo de una tarea dif\u00edcil, pero que, en la creencia de los estrategas del Pent\u00e1gono, pronto ser\u00e1 redituable para el territorio caribe\u00f1o, hist\u00f3ricamente concebido desde Washington como un laboratorio social para la experimentaci\u00f3n de procesos pol\u00edticos luego exportables a otros confines del planeta.<\/p>\n<p>Pensado inicialmente como una coalici\u00f3n militar destinada a enfrentar a los carteles del narcotr\u00e1fico en Am\u00e9rica Latina, en realidad, el Escudo de las Am\u00e9ricas ser\u00e1 multiprop\u00f3sito, de acuerdo con las necesidades y con la conveniencia trazada desde Washington, y que ir\u00e1n desde la lucha contra el narcotr\u00e1fico a la preservaci\u00f3n de un \u201cespacio vital\u201d en contra de la cada vez m\u00e1s intensa ofensiva comercial china.<\/p>\n<p>En lo que no hay dudas es que el Escudo se transformar\u00e1 en un ariete ofensivo cuando se trate de fortalecer el sitio contra Cuba.<\/p>\n<p>En Miami, Trump fue claro y expl\u00edcito al respecto: \u201cMuchos de ustedes han venido hoy y dicen: \u2018Espero que puedan encargarse de Cuba\u2019. Porque tienen problemas con Cuba, \u00bfverdad? Me sorprendi\u00f3, pero cuatro de ustedes dijeron: \u2018\u00bfPodr\u00edan hacernos un favor? Cuiden de Cuba. Yo me encargo, \u00bfde acuerdo?\u201d. Las aclamaciones de los coaligados no se hicieron esperar, sobre todo frente al inter\u00e9s por dejar a Cuba al \u201ccuidado\u201d, nada menos que del mandatario estadounidense\u2026<\/p>\n<p>Los mandatarios de Centroam\u00e9rica y el Caribe presentes en la cumbre mantienen fuertes lazos de dependencia con los Estados Unidos y operan hoy, mayormente, como regentes de pa\u00edses que, desde Washington, son considerados como simples enclaves neocoloniales.<\/p>\n<p>Ya sea porque estos dirigentes creen que acatando a Trump garantizan su estabilidad o, apenas, su permanencia en el cargo, o por identificaci\u00f3n ideol\u00f3gica con los rasgos autoritarios del republicano, o por devoluci\u00f3n de favores para llegar a la presidencia, o por motivos simplemente econ\u00f3micos, lo cierto es que Washington ha logrado crear una base de apoyo pol\u00edtico en El Caribe como no ocurr\u00eda desde hace varias d\u00e9cadas.<\/p>\n<p>El caso de Nayib Bukele probablemente sea el m\u00e1s conocido: no solo por su pol\u00edtica autoritaria y por su sistema de seguridad impuesto en contra de las maras, sino tambi\u00e9n por incluir tempranamente a las c\u00e1rceles de El Salvador como asilo temporario para los migrantes deportados por Trump. \u00daltimamente, tambi\u00e9n se destac\u00f3 la figura de Tito Asfura, el candidato de la Casa Blanca, en unas re\u00f1idas elecciones generales en Honduras que tuvieron a la regi\u00f3n en vilo durante casi un mes sin que se conocieran los resultados definitivos.<\/p>\n<p>Junto a los anteriores se encuentra tambi\u00e9n el dominicano Luis Abinader, quien, a fines de noviembre de 2025, cedi\u00f3 parte de la base a\u00e9rea de San Isidro y del Aeropuerto Internacional de las Am\u00e9ricas, para su uso militar por Estados Unidos y para su avanzada contra Venezuela y Cuba. En tanto que Mohamed Irfaan Al\u00ed fue sostenido como un aliado estrat\u00e9gico en contra de Nicol\u00e1s Maduro y, sobre todo, frente a la disputa por el Esequibo, regi\u00f3n lim\u00edtrofe con Venezuela y con extensos yacimientos de petr\u00f3leo que todav\u00eda est\u00e1n sin explotar.<\/p>\n<p>La cadena de favores (y tambi\u00e9n de presiones) es mucho m\u00e1s amplia. La trinitaria Kamla Persad-Bissessar no solo apoy\u00f3 los ataques de Estados Unidos a embarcaciones supuestamente vinculadas con el narcotr\u00e1fico, sino que tambi\u00e9n dio apoyo log\u00edstico a la incursi\u00f3n armada contra Venezuela el pasado 3 de enero.<\/p>\n<p>Por su parte, y como Rodrigo Ch\u00e1vez se encuentra en el tramo final de su mandato, tambi\u00e9n asisti\u00f3 a la cumbre su sucesora electa, Laura Fern\u00e1ndez, quien triunf\u00f3 en las pasadas elecciones presidenciales apelando a un discurso de \u201cmano dura\u201d, por el que hoy es conocida como \u201cla Bukele de Costa Rica\u201d. Pero quien seguramente ser\u00e1 el aliado m\u00e1s problem\u00e1tico en Centroam\u00e9rica es Jos\u00e9 Mulino, titular de Panam\u00e1, con el canal interoce\u00e1nico convertido en un activo estrat\u00e9gico deseado por Trump en su m\u00e1xima pretensi\u00f3n por controlar a China en el comercio con Am\u00e9rica Latina.<\/p>\n<p>M\u00e1s all\u00e1 del alineamiento con Trump, lo m\u00e1s probable es que pocos o, tal vez, ninguno de los mandatarios de este bloque, se defina solo por un aut\u00e9ntico sentimiento anticubano, tal como lo profesan el secretario de Estado Marco Rubio y otros altos funcionarios del r\u00e9gimen republicano. Lo que, sin duda, torna a\u00fan peor la posici\u00f3n pol\u00edtica de este bloque de l\u00edderes caribe\u00f1os y centroamericanos frente al inhumano asedio que amenaza hoy la supervivencia de Cuba.<\/p>\n<h6>Fuente: P\u00e1gina 12<\/h6>\n","protected":false},"excerpt":{"rendered":"<p>Luego de la cumbre presidencial con Donald Trump del 7 de marzo, en la que se conform\u00f3 la coalici\u00f3n de derecha Escudo de las Am\u00e9ricas, finalmente qued\u00f3 conformado el cerco contra Cuba.<\/p>\n","protected":false},"author":2,"featured_media":162364,"comment_status":"closed","ping_status":"closed","sticky":false,"template":"","format":"standard","meta":{"footnotes":""},"categories":[22],"tags":[57],"class_list":["post-162363","post","type-post","status-publish","format-standard","has-post-thumbnail","hentry","category-el-mundo","tag-el-mundo"],"_links":{"self":[{"href":"http:\/\/argentinamunicipal.com.ar\/argentina\/wp-json\/wp\/v2\/posts\/162363","targetHints":{"allow":["GET"]}}],"collection":[{"href":"http:\/\/argentinamunicipal.com.ar\/argentina\/wp-json\/wp\/v2\/posts"}],"about":[{"href":"http:\/\/argentinamunicipal.com.ar\/argentina\/wp-json\/wp\/v2\/types\/post"}],"author":[{"embeddable":true,"href":"http:\/\/argentinamunicipal.com.ar\/argentina\/wp-json\/wp\/v2\/users\/2"}],"replies":[{"embeddable":true,"href":"http:\/\/argentinamunicipal.com.ar\/argentina\/wp-json\/wp\/v2\/comments?post=162363"}],"version-history":[{"count":1,"href":"http:\/\/argentinamunicipal.com.ar\/argentina\/wp-json\/wp\/v2\/posts\/162363\/revisions"}],"predecessor-version":[{"id":162365,"href":"http:\/\/argentinamunicipal.com.ar\/argentina\/wp-json\/wp\/v2\/posts\/162363\/revisions\/162365"}],"wp:featuredmedia":[{"embeddable":true,"href":"http:\/\/argentinamunicipal.com.ar\/argentina\/wp-json\/wp\/v2\/media\/162364"}],"wp:attachment":[{"href":"http:\/\/argentinamunicipal.com.ar\/argentina\/wp-json\/wp\/v2\/media?parent=162363"}],"wp:term":[{"taxonomy":"category","embeddable":true,"href":"http:\/\/argentinamunicipal.com.ar\/argentina\/wp-json\/wp\/v2\/categories?post=162363"},{"taxonomy":"post_tag","embeddable":true,"href":"http:\/\/argentinamunicipal.com.ar\/argentina\/wp-json\/wp\/v2\/tags?post=162363"}],"curies":[{"name":"wp","href":"https:\/\/api.w.org\/{rel}","templated":true}]}}