{"id":162366,"date":"2026-03-12T04:23:43","date_gmt":"2026-03-12T07:23:43","guid":{"rendered":"http:\/\/argentinamunicipal.com.ar\/argentina\/?p=162366"},"modified":"2026-03-11T19:27:32","modified_gmt":"2026-03-11T22:27:32","slug":"los-salarios-siguen-abajo-de-la-suba-de-precios","status":"publish","type":"post","link":"http:\/\/argentinamunicipal.com.ar\/argentina\/los-salarios-siguen-abajo-de-la-suba-de-precios\/","title":{"rendered":"Los salarios siguen abajo de la suba de precios"},"content":{"rendered":"<p>Los rubros vivienda y alimentos encabezaron los incremento durante enero y febrero. En la comparaci\u00f3n interanual con febrero, el \u00edndice se ubica en 31, 1 por ciento.<\/p>\n<p>La inflaci\u00f3n de los trabajadores fue de 2,7 por ciento en febrero y volvi\u00f3 a ubicarse por encima del umbral del 2,5 mensual, en un contexto en el que las tarifas de servicios p\u00fablicos y los alimentos contin\u00faan presionando sobre el costo de vida. El dato surge del relevamiento del Instituto de Estad\u00edsticas de los Trabajadores (IET) de la Universidad Metropolitana para la Educaci\u00f3n y el Trabajo (UMET), que advirti\u00f3 adem\u00e1s que los hogares de menores ingresos enfrentaron subas de precios m\u00e1s elevadas que el promedio.<\/p>\n<p>El informe, elaborado por el IET junto al Centro de la Concertaci\u00f3n y el Desarrollo (CCD), mostr\u00f3 que el \u00edndice se mantuvo sin cambios respecto de enero. En el acumulado del primer bimestre de 2026 la inflaci\u00f3n alcanz\u00f3 el 5,5 por ciento, mientras que en la comparaci\u00f3n interanual trep\u00f3 al 31,1.<\/p>\n<p>La divisi\u00f3n Vivienda encabez\u00f3 las subas con un incremento de 7,1 por ciento, impulsado por los aumentos en electricidad y gas. En segundo lugar se ubic\u00f3 Alimentos y bebidas no alcoh\u00f3licas, con un alza de 3,8, traccionada por el aumento de las carnes, que registraron subas superiores al 7.<\/p>\n<p>Tambi\u00e9n se observaron incrementos en Bienes y servicios varios, con una suba de 3,1 explicada por el encarecimiento de seguros y servicios financieros, que rondaron el 5. En tanto, el rubro Salud aument\u00f3 3 por ciento, impulsado por las subas en las cuotas de medicina prepaga y en las consultas m\u00e9dicas privadas.<\/p>\n<p>En el otro extremo, Recreaci\u00f3n y cultura fue la \u00fanica divisi\u00f3n que registr\u00f3 una ca\u00edda, con una baja de 2,3. Seg\u00fan el informe, el descenso se explica por la reducci\u00f3n de los precios de los paquetes tur\u00edsticos, un fen\u00f3meno asociado a factores estacionales tras el pico de la temporada de verano.<\/p>\n<p>De acuerdo con el tipo de hogar, el estudio tambi\u00e9n mostr\u00f3 fuertes diferencias. En febrero la inflaci\u00f3n fue m\u00e1s elevada en los hogares con jefe desocupado, donde alcanz\u00f3 el 3,24 por ciento; con jefe jubilado se ubic\u00f3 en 3,08, y en aquellos encabezados por asalariados no registrados lleg\u00f3 al 3 por ciento.<\/p>\n<p>En contraste, los hogares con jefe asalariado registrado enfrentaron una suba menor, de 2,46 por ciento, mientras que en los hogares con jefe inquilino el \u00edndice se ubic\u00f3 en 2,56.<\/p>\n<p>Desde el IET explicaron que estas brechas responden a la composici\u00f3n del gasto de cada grupo social. La suba de alimentos y servicios p\u00fablicos como electricidad y gas golpea relativamente m\u00e1s a los hogares de menores ingresos, como los de desocupados o trabajadores informales. En el caso de los jubilados, el impacto de las tarifas tambi\u00e9n resulta mayor porque pasan m\u00e1s tiempo dentro de sus viviendas y destinan una mayor proporci\u00f3n de sus ingresos al pago de servicios.<\/p>\n<p>El director ejecutivo del CCD y diputado nacional Nicol\u00e1s Trotta sostuvo que \u201cla inflaci\u00f3n sigue c\u00f3modamente instalada encima del 2,5 mensual, mientras los salarios p\u00fablicos y privados crecen por detr\u00e1s de los \u00edndices de precios, agravando la ca\u00edda de los ingresos reales y del consumo\u201d.<\/p>\n<p>Trotta advirti\u00f3 que el escenario internacional podr\u00eda sumar nuevas presiones sobre los precios internos: \u201cEl contexto incierto abierto con la guerra en Medio Oriente augura una nueva aceleraci\u00f3n inflacionaria. Dado que los componentes b\u00e1sicos de los precios del gas y la energ\u00eda est\u00e1n fuertemente atados al d\u00f3lar, es esperable que un aumento de los precios internacionales se traslade a las tarifas\u201d.<\/p>\n<p>El dato del IET se conoce en la antesala de la publicaci\u00f3n del Indec este jueves.<\/p>\n<h6>Fuente: P\u00e1gina 12<\/h6>\n","protected":false},"excerpt":{"rendered":"<p>Los rubros vivienda y alimentos encabezaron los incremento durante enero y febrero. En la comparaci\u00f3n interanual con febrero, el \u00edndice se ubica en 31, 1 por ciento.<\/p>\n","protected":false},"author":2,"featured_media":162367,"comment_status":"closed","ping_status":"closed","sticky":false,"template":"","format":"standard","meta":{"footnotes":""},"categories":[8],"tags":[21],"class_list":["post-162366","post","type-post","status-publish","format-standard","has-post-thumbnail","hentry","category-informe-nacional","tag-argentina"],"_links":{"self":[{"href":"http:\/\/argentinamunicipal.com.ar\/argentina\/wp-json\/wp\/v2\/posts\/162366","targetHints":{"allow":["GET"]}}],"collection":[{"href":"http:\/\/argentinamunicipal.com.ar\/argentina\/wp-json\/wp\/v2\/posts"}],"about":[{"href":"http:\/\/argentinamunicipal.com.ar\/argentina\/wp-json\/wp\/v2\/types\/post"}],"author":[{"embeddable":true,"href":"http:\/\/argentinamunicipal.com.ar\/argentina\/wp-json\/wp\/v2\/users\/2"}],"replies":[{"embeddable":true,"href":"http:\/\/argentinamunicipal.com.ar\/argentina\/wp-json\/wp\/v2\/comments?post=162366"}],"version-history":[{"count":1,"href":"http:\/\/argentinamunicipal.com.ar\/argentina\/wp-json\/wp\/v2\/posts\/162366\/revisions"}],"predecessor-version":[{"id":162368,"href":"http:\/\/argentinamunicipal.com.ar\/argentina\/wp-json\/wp\/v2\/posts\/162366\/revisions\/162368"}],"wp:featuredmedia":[{"embeddable":true,"href":"http:\/\/argentinamunicipal.com.ar\/argentina\/wp-json\/wp\/v2\/media\/162367"}],"wp:attachment":[{"href":"http:\/\/argentinamunicipal.com.ar\/argentina\/wp-json\/wp\/v2\/media?parent=162366"}],"wp:term":[{"taxonomy":"category","embeddable":true,"href":"http:\/\/argentinamunicipal.com.ar\/argentina\/wp-json\/wp\/v2\/categories?post=162366"},{"taxonomy":"post_tag","embeddable":true,"href":"http:\/\/argentinamunicipal.com.ar\/argentina\/wp-json\/wp\/v2\/tags?post=162366"}],"curies":[{"name":"wp","href":"https:\/\/api.w.org\/{rel}","templated":true}]}}