{"id":162381,"date":"2026-03-13T05:00:26","date_gmt":"2026-03-13T08:00:26","guid":{"rendered":"http:\/\/argentinamunicipal.com.ar\/argentina\/?p=162381"},"modified":"2026-03-12T05:33:20","modified_gmt":"2026-03-12T08:33:20","slug":"brochero-vuelve-a-convocar-multitudes-fe-identidad-y-turismo-en-una-semana-clave-para-cordoba","status":"publish","type":"post","link":"http:\/\/argentinamunicipal.com.ar\/argentina\/brochero-vuelve-a-convocar-multitudes-fe-identidad-y-turismo-en-una-semana-clave-para-cordoba\/","title":{"rendered":"Brochero vuelve a convocar multitudes: fe, identidad y turismo en una semana clave para C\u00f3rdoba"},"content":{"rendered":"<p>A 186 a\u00f1os del nacimiento del cura Brochero, la provincia se prepara para una agenda de celebraciones que combina distintas propuestas culturales, consolidando al Camino de Brochero como punto destacado del turismo religioso.<\/p>\n<p>Cada marzo, C\u00f3rdoba vuelve la mirada hacia una figura que trasciende lo religioso y se convierte en s\u00edmbolo de identidad: el Jos\u00e9 Gabriel del Rosario Brochero, el Cura Gaucho. A 186 a\u00f1os de su nacimiento, la provincia se prepara para una agenda de celebraciones que combinan peregrinaciones, fiestas populares, liturgia y propuestas culturales, consolidando al Camino de Brochero como uno de los productos m\u00e1s potentes del turismo religioso argentino.<\/p>\n<p>\u201cVenimos consolidando el Camino de Brochero como un producto estrat\u00e9gico de turismo religioso, que permite recorrer durante todo el a\u00f1o los sitios vinculados a la vida del Santo.\u00a0Estas celebraciones son momentos de enorme visibilidad, pero el desaf\u00edo es que cada peregrino transforme su experiencia en un recorrido integral por las huellas del Cura Gaucho en C\u00f3rdoba\u201d , destac\u00f3\u00a0Dar\u00edo Capitani, al subrayar el impacto espiritual y econ\u00f3mico que genera este movimiento en distintas regiones de la provincia.<\/p>\n<p><strong>La Brocheriana: cinco d\u00edas por los caminos del santo<\/strong><br \/>\nDesde el 11 al 15 de marzo se desarrollar\u00e1 La Brocheriana 2026, la peregrinaci\u00f3n que une Alta Gracia con Villa Cura Brochero,\u00a0recreando los trayectos que el sacerdote recorr\u00eda a caballo en el siglo XIX para asistir a las comunidades del oeste cordob\u00e9s. A pie o a caballo, cientos de fieles atravesar\u00e1n postas serranas y caminos rurales en una experiencia que conjuga introspecci\u00f3n, naturaleza e identidad cultural.<\/p>\n<p>M\u00e1s all\u00e1 de una marca puntual, el fen\u00f3meno es m\u00e1s amplio: junto a la estructura central de La Brocheriana\u00a0se suman agrupaciones gauchas y peregrinos de distintos puntos de la provincia, generando un movimiento masivo que dinamiza la hoteler\u00eda, la gastronom\u00eda y los servicios en cada localidad del recorrido.<\/p>\n<p>El lunes 16 de marzo, Villa Cura Brochero ser\u00e1 epicentro de las Fiestas Patronales en honor al santo,\u00a0con el acto central a las 19 hs en Plaza Centenario. La Santa Misa ser\u00e1 presidida por el obispo Ricardo Araya y continuar\u00e1 con la tradicional procesi\u00f3n por las calles del pueblo y espect\u00e1culos musicales en homenaje al primer santo argentino.<\/p>\n<p>La jornada de recogimiento y celebraci\u00f3n popular, en un clima que transforma al pueblo en punto de encuentro para miles de peregrinos y visitantes que llegan desde distintos lugares del pa\u00eds, reafirmando su rol como capital espiritual del oeste cordob\u00e9s.<\/p>\n<p>En Villa Santa Rosa, tierra natal de Brochero, las actividades se extender\u00e1n durante varios d\u00edas\u00a0e integrar\u00e1n celebraciones religiosas y propuestas culturales.<\/p>\n<p>El 16 de marzo, d\u00eda central, se realizar\u00e1 la peregrinaci\u00f3n desde el Santuario Brocheriano hasta Carreta Quemada,\u00a0la misa de peregrinos presidida por el Cardenal Rossi y, por la noche, una celebraci\u00f3n art\u00edstica en Plaza San Mart\u00edn. La programaci\u00f3n incluye adem\u00e1s triduo, charlas hist\u00f3ricas y una muestra fotogr\u00e1fica sobre el Camino de Brochero, consolidando un perfil que integra espiritualidad y fiesta comunitaria.<\/p>\n<p><strong>C\u00f3rdoba capital: las huellas del seminarista<\/strong><br \/>\nEn la ciudad de C\u00f3rdoba, la conmemoraci\u00f3n invita a redescubrir la etapa formativa de Brochero. El 16 de marzo a las 10\u00a0 desde la oficina de informaci\u00f3n tur\u00edstica partira un recorrido por la ciudad de C\u00f3rdoba tras los pasos del Santo, que reconstruye su tr\u00e1nsito como seminarista y estudiante en espacios emblem\u00e1ticos como la Universidad Nacional de C\u00f3rdoba y la Manzana Jesu\u00edtica de C\u00f3rdoba.<\/p>\n<p>La propuesta integra patrimonio, espiritualidad e identidad, poniendo en valor la dimensi\u00f3n intelectual y jesu\u00edtica que marc\u00f3 la formaci\u00f3n del santo\u00a0y ampliando la experiencia del turismo religioso m\u00e1s all\u00e1 de Traslasierra.<\/p>\n<p>En cada uno de estos escenarios, la figura del Cura Gaucho vuelve a unir fe y territorio. Las celebraciones por su natalicio no solo renuevan la devoci\u00f3n popular: tambi\u00e9n consolidan a C\u00f3rdoba como uno de los destinos m\u00e1s significativos del turismo religioso en Argentina, donde el viaje se convierte en experiencia espiritual y en motor de desarrollo regional.<\/p>\n<h6>Fuente: La Nueva Ma\u00f1ana<\/h6>\n","protected":false},"excerpt":{"rendered":"<p>A 186 a\u00f1os del nacimiento del cura Brochero, la provincia se prepara para una agenda de celebraciones que combina distintas propuestas culturales, consolidando al Camino de Brochero como punto destacado del turismo religioso.<\/p>\n","protected":false},"author":2,"featured_media":162382,"comment_status":"closed","ping_status":"closed","sticky":false,"template":"","format":"standard","meta":{"footnotes":""},"categories":[47],"tags":[3],"class_list":["post-162381","post","type-post","status-publish","format-standard","has-post-thumbnail","hentry","category-fiestas","tag-cordoba"],"_links":{"self":[{"href":"http:\/\/argentinamunicipal.com.ar\/argentina\/wp-json\/wp\/v2\/posts\/162381","targetHints":{"allow":["GET"]}}],"collection":[{"href":"http:\/\/argentinamunicipal.com.ar\/argentina\/wp-json\/wp\/v2\/posts"}],"about":[{"href":"http:\/\/argentinamunicipal.com.ar\/argentina\/wp-json\/wp\/v2\/types\/post"}],"author":[{"embeddable":true,"href":"http:\/\/argentinamunicipal.com.ar\/argentina\/wp-json\/wp\/v2\/users\/2"}],"replies":[{"embeddable":true,"href":"http:\/\/argentinamunicipal.com.ar\/argentina\/wp-json\/wp\/v2\/comments?post=162381"}],"version-history":[{"count":1,"href":"http:\/\/argentinamunicipal.com.ar\/argentina\/wp-json\/wp\/v2\/posts\/162381\/revisions"}],"predecessor-version":[{"id":162383,"href":"http:\/\/argentinamunicipal.com.ar\/argentina\/wp-json\/wp\/v2\/posts\/162381\/revisions\/162383"}],"wp:featuredmedia":[{"embeddable":true,"href":"http:\/\/argentinamunicipal.com.ar\/argentina\/wp-json\/wp\/v2\/media\/162382"}],"wp:attachment":[{"href":"http:\/\/argentinamunicipal.com.ar\/argentina\/wp-json\/wp\/v2\/media?parent=162381"}],"wp:term":[{"taxonomy":"category","embeddable":true,"href":"http:\/\/argentinamunicipal.com.ar\/argentina\/wp-json\/wp\/v2\/categories?post=162381"},{"taxonomy":"post_tag","embeddable":true,"href":"http:\/\/argentinamunicipal.com.ar\/argentina\/wp-json\/wp\/v2\/tags?post=162381"}],"curies":[{"name":"wp","href":"https:\/\/api.w.org\/{rel}","templated":true}]}}