{"id":162387,"date":"2026-03-16T05:05:40","date_gmt":"2026-03-16T08:05:40","guid":{"rendered":"http:\/\/argentinamunicipal.com.ar\/argentina\/?p=162387"},"modified":"2026-03-12T06:09:04","modified_gmt":"2026-03-12T09:09:04","slug":"el-faro-de-energia-solar-de-mas-de-un-siglo-de-vida-que-sigue-iluminando-el-extremo-sur-de-argentina","status":"publish","type":"post","link":"http:\/\/argentinamunicipal.com.ar\/argentina\/el-faro-de-energia-solar-de-mas-de-un-siglo-de-vida-que-sigue-iluminando-el-extremo-sur-de-argentina\/","title":{"rendered":"El faro de energ\u00eda solar de m\u00e1s de un siglo de vida que sigue iluminando el extremo sur de Argentina"},"content":{"rendered":"<p>Est\u00e1 ubicado en uno de los puntos m\u00e1s australes de la Isla Grande de Tierra del Fuego<\/p>\n<p>En el extremo sur de la provincia de Tierra del Fuego, donde el paisaje se vuelve agreste y el clima cambia con rapidez, se encuentra el Faro Cabo San P\u00edo, una construcci\u00f3n hist\u00f3rica que lleva m\u00e1s de un siglo guiando a los navegantes que recorren las aguas del Atl\u00e1ntico Sur. A pesar de su tama\u00f1o modesto, la torre se convirti\u00f3 en uno de los puntos m\u00e1s emblem\u00e1ticos de la costa fueguina.<\/p>\n<p>El faro comenz\u00f3 a operar el\u00a022 de marzo de 1919, por lo que ya super\u00f3 los\u00a0105 a\u00f1os de funcionamiento. Desde entonces cumple la misma funci\u00f3n: se\u00f1alizar el cabo y ayudar a orientar a las embarcaciones que navegan por una zona donde las condiciones meteorol\u00f3gicas suelen ser exigentes.<\/p>\n<p>Aunque es f\u00e1cil distinguirlo desde el mar por su posici\u00f3n estrat\u00e9gica, llegar hasta su base es mucho m\u00e1s complicado. La zona est\u00e1 aislada, sin caminos directos y rodeada de un terreno dif\u00edcil, lo que explica por qu\u00e9 durante d\u00e9cadas recibi\u00f3 muy pocas visitas.<\/p>\n<p><strong>Un nombre que viene de las primeras exploraciones del sur<\/strong><br \/>\nEl faro toma su nombre del propio\u00a0Cabo San P\u00edo, el accidente geogr\u00e1fico donde fue instalado. La denominaci\u00f3n del lugar se remonta al siglo XIX, cuando fue registrada durante las expediciones de exploraci\u00f3n de la Patagonia que encabez\u00f3 el marino brit\u00e1nico Robert Fitz Roy.<\/p>\n<p>Sin embargo, el origen del nombre es a\u00fan m\u00e1s antiguo. Hace referencia a una traves\u00eda realizada en\u00a01790 por el teniente de fragata Juan Jos\u00e9 de Elizalde y Ust\u00e1riz, quien lleg\u00f3 a la zona a bordo de la corbeta\u00a0San P\u00edo\u00a0mientras realizaba tareas de reconocimiento en las costas australes.<\/p>\n<p>Desde entonces el cabo qued\u00f3 identificado con ese nombre, que d\u00e9cadas m\u00e1s tarde tambi\u00e9n adoptar\u00eda el faro construido en ese mismo punto estrat\u00e9gico de la costa.<\/p>\n<p><strong>Una obra levantada en tiempo r\u00e9cord<\/strong><br \/>\nUno de los datos m\u00e1s curiosos del Faro Cabo San P\u00edo es la rapidez con la que fue construido. La obra se complet\u00f3 en\u00a0apenas diez d\u00edas, durante las primeras semanas de marzo de 1919.<\/p>\n<p>El trabajo fue encabezado por el teniente de fragata Francisco Stewart, quien lleg\u00f3 al lugar a bordo del buque A.R.A. Piedra Buena junto con un equipo de obreros y t\u00e9cnicos. El grupo estaba integrado por alba\u00f1iles, peones, foguistas y personal de apoyo que se encarg\u00f3 de levantar la estructura en tiempo r\u00e9cord.<\/p>\n<p>El resultado fue una\u00a0torre de 8 metros de altura, de forma curvada, dise\u00f1ada para resistir el viento intenso y las condiciones clim\u00e1ticas propias del extremo sur del pa\u00eds.<\/p>\n<p><strong>Un faro centenario que se moderniz\u00f3 con energ\u00eda solar<\/strong><br \/>\nA lo largo de m\u00e1s de un siglo, el faro fue objeto de diferentes tareas de mantenimiento y actualizaciones para asegurar su funcionamiento continuo.<\/p>\n<p>El cambio m\u00e1s importante ocurri\u00f3 en\u00a01985, cuando se incorpor\u00f3 un sistema de\u00a0energ\u00eda solar\u00a0que permite alimentar la l\u00e1mpara principal sin depender de combustibles tradicionales. Esta modernizaci\u00f3n permiti\u00f3 mejorar su autonom\u00eda en un lugar donde el acceso es muy limitado.<\/p>\n<p>Actualmente la luz del faro tiene un\u00a0alcance aproximado de 17 kil\u00f3metros, suficiente para se\u00f1alizar el cabo y advertir a los navegantes que se aproximan a la zona.<\/p>\n<p><strong>Un lugar remoto al que muy pocos logran llegar<\/strong><br \/>\nVisitar el Faro Cabo San P\u00edo no es sencillo. La zona se encuentra en un sector aislado del sur de la Isla Grande de Tierra del Fuego, lejos de rutas principales y con un terreno dif\u00edcil de atravesar.<\/p>\n<p>El acceso por mar es complicado debido a las caracter\u00edsticas del cabo y a la presencia de rocas en la costa. Por tierra tampoco es f\u00e1cil: no existen caminos directos y la \u00fanica forma de llegar suele ser mediante largas caminatas por \u00e1reas agrestes.<\/p>\n<p>Por ese motivo, quienes logran acercarse al faro suelen hacerlo tras\u00a0expediciones planificadas y con autorizaci\u00f3n previa, lo que mantiene a este peque\u00f1o faro centenario como uno de los rincones menos visitados del extremo sur argentino.<\/p>\n<h6>Fuente: El Ciudadano<\/h6>\n","protected":false},"excerpt":{"rendered":"<p>Est\u00e1 ubicado en uno de los puntos m\u00e1s australes de la Isla Grande de Tierra del Fuego<\/p>\n","protected":false},"author":2,"featured_media":162389,"comment_status":"closed","ping_status":"closed","sticky":false,"template":"","format":"standard","meta":{"footnotes":""},"categories":[87],"tags":[34],"class_list":["post-162387","post","type-post","status-publish","format-standard","has-post-thumbnail","hentry","category-turismo","tag-tierra-del-fuego"],"_links":{"self":[{"href":"http:\/\/argentinamunicipal.com.ar\/argentina\/wp-json\/wp\/v2\/posts\/162387","targetHints":{"allow":["GET"]}}],"collection":[{"href":"http:\/\/argentinamunicipal.com.ar\/argentina\/wp-json\/wp\/v2\/posts"}],"about":[{"href":"http:\/\/argentinamunicipal.com.ar\/argentina\/wp-json\/wp\/v2\/types\/post"}],"author":[{"embeddable":true,"href":"http:\/\/argentinamunicipal.com.ar\/argentina\/wp-json\/wp\/v2\/users\/2"}],"replies":[{"embeddable":true,"href":"http:\/\/argentinamunicipal.com.ar\/argentina\/wp-json\/wp\/v2\/comments?post=162387"}],"version-history":[{"count":1,"href":"http:\/\/argentinamunicipal.com.ar\/argentina\/wp-json\/wp\/v2\/posts\/162387\/revisions"}],"predecessor-version":[{"id":162390,"href":"http:\/\/argentinamunicipal.com.ar\/argentina\/wp-json\/wp\/v2\/posts\/162387\/revisions\/162390"}],"wp:featuredmedia":[{"embeddable":true,"href":"http:\/\/argentinamunicipal.com.ar\/argentina\/wp-json\/wp\/v2\/media\/162389"}],"wp:attachment":[{"href":"http:\/\/argentinamunicipal.com.ar\/argentina\/wp-json\/wp\/v2\/media?parent=162387"}],"wp:term":[{"taxonomy":"category","embeddable":true,"href":"http:\/\/argentinamunicipal.com.ar\/argentina\/wp-json\/wp\/v2\/categories?post=162387"},{"taxonomy":"post_tag","embeddable":true,"href":"http:\/\/argentinamunicipal.com.ar\/argentina\/wp-json\/wp\/v2\/tags?post=162387"}],"curies":[{"name":"wp","href":"https:\/\/api.w.org\/{rel}","templated":true}]}}