{"id":162397,"date":"2026-03-13T04:19:58","date_gmt":"2026-03-13T07:19:58","guid":{"rendered":"http:\/\/argentinamunicipal.com.ar\/argentina\/?p=162397"},"modified":"2026-03-12T19:21:59","modified_gmt":"2026-03-12T22:21:59","slug":"foro-de-inversiones-un-intendente-mendocino-le-respondio-a-luis-caputo-por-el-pedido-de-la-baja-de-tasas-municipales","status":"publish","type":"post","link":"http:\/\/argentinamunicipal.com.ar\/argentina\/foro-de-inversiones-un-intendente-mendocino-le-respondio-a-luis-caputo-por-el-pedido-de-la-baja-de-tasas-municipales\/","title":{"rendered":"Foro de Inversiones: un intendente mendocino le respondi\u00f3 a Luis Caputo por el pedido de la baja de tasas municipales"},"content":{"rendered":"<p>El intendente de Luj\u00e1n de Cuyo, Esteban Allasino, sostuvo que los municipios necesitan esos recursos para financiar servicios y mantener la inversi\u00f3n p\u00fablica.<\/p>\n<p>El intendente de Luj\u00e1n de Cuyo,\u00a0Esteban Allasino, respondi\u00f3 al pedido del\u00a0ministro de Econom\u00eda de la Naci\u00f3n,\u00a0Luis Caputo, de que los municipios acompa\u00f1en la baja de impuestos impulsada por el Gobierno nacional. Lo hizo durante su participaci\u00f3n en el\u00a0Foro de Inversiones\u00a0y Negocios, donde defendi\u00f3 el rol de las\u00a0tasas municipales\u00a0y remarc\u00f3 que se trata de una contraprestaci\u00f3n por servicios.<\/p>\n<p>Allasino se\u00f1al\u00f3 que existe una \u201cconfusi\u00f3n\u201d cuando se equiparan las tasas con los impuestos. \u201cLas tasas no son impuestos. Si no, hacemos una peque\u00f1a gran confusi\u00f3n. Es una contraprestaci\u00f3n que tiene una relaci\u00f3n entre lo que cuesta prestar ese servicio y lo que el contribuyente paga\u201d, afirm\u00f3.<\/p>\n<p>El jefe comunal sostuvo adem\u00e1s que la realidad fiscal de Mendoza es distinta a la de otros distritos del pa\u00eds.<br \/>\n\u201cMendoza, la provincia en su conjunto, no es la provincia de Buenos Aires, donde te inventan una tasa vial, vas a cargar nafta y te cobran. Abr\u00eds un supermercado y te cobran\u201d, expres\u00f3, y agreg\u00f3 que la provincia no se encuentra \u201cen el ranking de degenerados fiscales\u201d.<\/p>\n<p>Seg\u00fan explic\u00f3, en\u00a0Luj\u00e1n de Cuyo\u00a0ya se avanz\u00f3 en una simplificaci\u00f3n del esquema tributario municipal. Allasino record\u00f3 que ese proceso comenz\u00f3 durante la pandemia, cuando se desempe\u00f1aba como jefe de Gabinete del municipio, con el objetivo de facilitar los tr\u00e1mites a los vecinos.<\/p>\n<p>\u201cFuimos en una eliminaci\u00f3n gradual. Esto simplific\u00f3 el r\u00e9gimen. Hay menos tributos que pagar, pero principalmente aquellos que gravan la actividad\u201d, indic\u00f3. A partir de esa reforma, afirm\u00f3 que el municipio se concentr\u00f3 en mejorar la eficiencia de los servicios y en mantener una relaci\u00f3n clara entre el costo de prestarlos y lo que pagan los contribuyentes.<\/p>\n<p>En ese sentido, plante\u00f3 que el cobro de tasas tambi\u00e9n est\u00e1 vinculado con la llamada \u201ccorrespondencia fiscal\u201d, es decir, que los ingresos municipales est\u00e9n asociados al financiamiento de los servicios que brindan.<\/p>\n<p>Como ejemplo, mencion\u00f3 el caso de la recolecci\u00f3n de residuos. \u201cSi vos pag\u00e1s la boleta de los servicios que llegan a tu casa y dice recolecci\u00f3n y nadie lo paga, \u00bfcon qu\u00e9 se paga la diferencia entre lo que el Estado no recaud\u00f3? Con la coparticipaci\u00f3n\u201d, explic\u00f3.<\/p>\n<p>El intendente advirti\u00f3 que si los municipios dejan de percibir esas tasas, terminar\u00e1n utilizando recursos de coparticipaci\u00f3n que deber\u00edan destinarse a inversi\u00f3n. \u201cSi el municipio no cobra las tasas,\u00a0se gasta la guita de la coparticipaci\u00f3n, que deber\u00eda ir a inversi\u00f3n, en gastos corrientes\u201d, se\u00f1al\u00f3.<\/p>\n<p>En esa l\u00ednea, defendi\u00f3 la autonom\u00eda de los gobiernos locales para financiar los servicios b\u00e1sicos. \u201cEl Estado no va a dejar de financiar a los municipios para levantar la basura. Los municipios tienen que tener autonom\u00eda. Esa autonom\u00eda se consigue haciendo bien las cosas, de manera eficiente y d\u00e1ndole un servicio tal al vecino que lo quiera pagar\u201d, afirm\u00f3.<\/p>\n<p>Durante su intervenci\u00f3n, el jefe comunal tambi\u00e9n\u00a0hizo hincapi\u00e9 en la importancia de que los contribuyentes cumplan con el pago de las tasas. \u201cCuando se habla de la reducci\u00f3n de la carga impositiva, tenemos que comprender bien qu\u00e9 es una tasa municipal y hacer honor a pagar las tasas municipales\u201d, expres\u00f3.<\/p>\n<p><strong>Qu\u00e9 dijo Luis Caputo<\/strong><br \/>\nEl planteo de Allasino se dio luego de que Caputo pidiera a las provincias y municipios acompa\u00f1ar la estrategia nacional de reducci\u00f3n de impuestos. En su discurso de apertura del foro, el ministro sostuvo que el Gobierno busca avanzar en una baja de la carga impositiva para mejorar la competitividad de la econom\u00eda.<\/p>\n<p>\u201cLos salarios en Argentina no son altos. La forma de ganar competitividad es bajando impuestos nacionales, provinciales y tambi\u00e9n municipales donde se cobran tasas que afectan directamente a los ciudadanos\u201d, afirm\u00f3 el funcionario.<\/p>\n<p>Caputo remarc\u00f3 que ese proceso debe sostenerse sobre una base de disciplina fiscal. \u201cArgentina necesita hoy un ancla fiscal muy s\u00f3lida. Para poder bajar impuestos necesitamos tener un super\u00e1vit todav\u00eda mayor\u201d, explic\u00f3.<\/p>\n<p>El ministro advirti\u00f3 adem\u00e1s que volver al d\u00e9ficit podr\u00eda afectar la confianza en la econom\u00eda. \u201cSi bajamos impuestos y volvemos al d\u00e9ficit fiscal, inmediatamente va a aparecer la duda de c\u00f3mo va a hacer Argentina para honrar sus deudas\u201d, sostuvo. \u201cEste es un gobierno que va a pagar siempre y va a honrar todas sus deudas\u201d.<\/p>\n<p>En ese marco, el titular del Palacio de Hacienda expres\u00f3 su expectativa de que las jurisdicciones subnacionales acompa\u00f1en el rumbo econ\u00f3mico. \u201cEsperamos que las provincias nos acompa\u00f1en, tambi\u00e9n los municipios, para poder generar una competencia suficiente para que el sector privado invierta en mejor tecnolog\u00eda y as\u00ed ofrecer mejores productos\u201d, concluy\u00f3.<\/p>\n<h6>Fuente: Los Andes<\/h6>\n","protected":false},"excerpt":{"rendered":"<p>El intendente de Luj\u00e1n de Cuyo, Esteban Allasino, sostuvo que los municipios necesitan esos recursos para financiar servicios y mantener la inversi\u00f3n p\u00fablica.<\/p>\n","protected":false},"author":2,"featured_media":162398,"comment_status":"closed","ping_status":"closed","sticky":false,"template":"","format":"standard","meta":{"footnotes":""},"categories":[4],"tags":[31],"class_list":["post-162397","post","type-post","status-publish","format-standard","has-post-thumbnail","hentry","category-informe-politico","tag-mendoza"],"_links":{"self":[{"href":"http:\/\/argentinamunicipal.com.ar\/argentina\/wp-json\/wp\/v2\/posts\/162397","targetHints":{"allow":["GET"]}}],"collection":[{"href":"http:\/\/argentinamunicipal.com.ar\/argentina\/wp-json\/wp\/v2\/posts"}],"about":[{"href":"http:\/\/argentinamunicipal.com.ar\/argentina\/wp-json\/wp\/v2\/types\/post"}],"author":[{"embeddable":true,"href":"http:\/\/argentinamunicipal.com.ar\/argentina\/wp-json\/wp\/v2\/users\/2"}],"replies":[{"embeddable":true,"href":"http:\/\/argentinamunicipal.com.ar\/argentina\/wp-json\/wp\/v2\/comments?post=162397"}],"version-history":[{"count":1,"href":"http:\/\/argentinamunicipal.com.ar\/argentina\/wp-json\/wp\/v2\/posts\/162397\/revisions"}],"predecessor-version":[{"id":162399,"href":"http:\/\/argentinamunicipal.com.ar\/argentina\/wp-json\/wp\/v2\/posts\/162397\/revisions\/162399"}],"wp:featuredmedia":[{"embeddable":true,"href":"http:\/\/argentinamunicipal.com.ar\/argentina\/wp-json\/wp\/v2\/media\/162398"}],"wp:attachment":[{"href":"http:\/\/argentinamunicipal.com.ar\/argentina\/wp-json\/wp\/v2\/media?parent=162397"}],"wp:term":[{"taxonomy":"category","embeddable":true,"href":"http:\/\/argentinamunicipal.com.ar\/argentina\/wp-json\/wp\/v2\/categories?post=162397"},{"taxonomy":"post_tag","embeddable":true,"href":"http:\/\/argentinamunicipal.com.ar\/argentina\/wp-json\/wp\/v2\/tags?post=162397"}],"curies":[{"name":"wp","href":"https:\/\/api.w.org\/{rel}","templated":true}]}}