{"id":16240,"date":"2014-10-10T10:12:40","date_gmt":"2014-10-10T13:12:40","guid":{"rendered":"http:\/\/argentinamunicipal.com.ar\/argentina\/?p=16240"},"modified":"2014-10-10T10:12:40","modified_gmt":"2014-10-10T13:12:40","slug":"senaletica-digital-para-lugares-turisticos-en-santa-fe","status":"publish","type":"post","link":"http:\/\/argentinamunicipal.com.ar\/argentina\/senaletica-digital-para-lugares-turisticos-en-santa-fe\/","title":{"rendered":"Se\u00f1al\u00e9tica digital para lugares tur\u00edsticos en Santa Fe"},"content":{"rendered":"<p><a href=\"http:\/\/argentinamunicipal.com.ar\/argentina\/wp-content\/uploads\/2014\/10\/San-Francisco.jpg\"><img loading=\"lazy\" decoding=\"async\" class=\"aligncenter  wp-image-16241\" src=\"http:\/\/argentinamunicipal.com.ar\/argentina\/wp-content\/uploads\/2014\/10\/San-Francisco.jpg\" alt=\"San Francisco\" width=\"662\" height=\"433\" srcset=\"http:\/\/argentinamunicipal.com.ar\/argentina\/wp-content\/uploads\/2014\/10\/San-Francisco.jpg 927w, http:\/\/argentinamunicipal.com.ar\/argentina\/wp-content\/uploads\/2014\/10\/San-Francisco-300x196.jpg 300w\" sizes=\"auto, (max-width: 662px) 100vw, 662px\" \/><\/a><br \/>\nSer\u00e1 bajo el Sistema de Se\u00f1alizaci\u00f3n Digital Tur\u00edstica. Es\u00a0una iniciativa de Vanesa Oddi y el Concejo Joven<\/p>\n<p>El Concejo Municipal autoriz\u00f3 la creaci\u00f3n del Sistema de Se\u00f1alizaci\u00f3n Digital Tur\u00edstica que permitir\u00e1, tanto a los habitantes de la ciudad como a los turistas, encontrar informaci\u00f3n referencial pertinente a los distintos lugares tur\u00edsticos, culturales, referenciales e hist\u00f3ricos de Santa Fe.<\/p>\n<p>Esta idea tambi\u00e9n hab\u00eda sido elaborada por los alumnos de la escuela Juana Del Pino de Rivadavia que participaron del Concejo Joven del a\u00f1o pasado. La concejala Vanesa Oddi (FPCyS-PS) fue la encargada de ingresarla a la Sesi\u00f3n.<\/p>\n<p>De acuerdo a lo informado, el Sistema, basado en el C\u00f3digo QR, permitir\u00e1 un reconocimiento m\u00e1s r\u00e1pido y moderno de los diferentes puntos hist\u00f3ricos-culturales con los que la ciudad cuenta. Las publicaciones, aparecer\u00e1n en los diferentes medios de la ciudad y en la p\u00e1gina web de la Municipalidad, mediante un listado con los lugares comprendidos como lugares tur\u00edsticos culturales e hist\u00f3ricos.<\/p>\n<p>Vanesa Oddi explic\u00f3 que \u00abexistir\u00e1 en nuestro Municipio un Programa de Rese\u00f1as Digitales que tiene como elemento el c\u00f3digo QR que como sabemos es un c\u00f3digo de almacenamiento masivo de informaci\u00f3n. Esto se empez\u00f3 a usar espec\u00edficamente para los datos de orden fiscal y hoy en la ciudad lo encontramos en muchos lados, inclusive en los supermercados con el tema de los precios cuidados\u00bb.<\/p>\n<p>La Concejala Socialista cont\u00f3 que \u00abretomamos un proyecto del a\u00f1o pasado del Concejo Joven mediante el cual un grupo de alumnos dispon\u00eda que esto fuera ubicado en los lugares vinculados al turismo en nuestra ciudad para que, tanto los santafesinos como quienes nos visitan, al acercar su celular a este c\u00f3digo pudieran tener informaci\u00f3n de estos lugares\u00bb. Y destac\u00f3: \u00abNosotros le agregamos en nuestro nuevo proyecto que \u00e9ste c\u00f3digo QR, para los monumentos hist\u00f3ricos de nuestra ciudad con el mismo objetivo que lo planteaban los chicos y las chicas del Concejo Joven, tambi\u00e9n se utilice en las oficinas municipales para aquellos usuarios que vayan a realizar determinados tr\u00e1mites para que tengan una informaci\u00f3n mediante el sencillo uso de su celular un poco m\u00e1s detallada sobre qu\u00e9 tr\u00e1mites pueden desarrollar en ese lugar\u00bb.<\/p>\n<p>Finalmente, Oddi expres\u00f3: \u00abCreemos que es muy importante socializar el avance de las tecnolog\u00edas, que sean populares hacia el crecimiento de la sociedad y su relaci\u00f3n con la poblaci\u00f3n y sobre todo que la informaci\u00f3n sea cada vez mas p\u00fablica, m\u00e1s detallada y que muchas m\u00e1s personas tengan acceso a la misma\u00bb.<\/p>\n<h6>Fuente: Sin Mordaza<\/h6>\n","protected":false},"excerpt":{"rendered":"<p>Ser\u00e1 bajo el Sistema de Se\u00f1alizaci\u00f3n Digital Tur\u00edstica. Es\u00a0una iniciativa de Vanesa Oddi y el Concejo Joven El Concejo Municipal autoriz\u00f3 la creaci\u00f3n del Sistema de Se\u00f1alizaci\u00f3n Digital Tur\u00edstica que permitir\u00e1, tanto a los habitantes de la ciudad como a los turistas, encontrar informaci\u00f3n referencial pertinente a los distintos lugares tur\u00edsticos, culturales, referenciales e hist\u00f3ricos<\/p>\n","protected":false},"author":2,"featured_media":16241,"comment_status":"closed","ping_status":"closed","sticky":false,"template":"","format":"standard","meta":{"footnotes":""},"categories":[2],"tags":[10],"class_list":["post-16240","post","type-post","status-publish","format-standard","has-post-thumbnail","hentry","category-informe-municipal","tag-santa-fe"],"_links":{"self":[{"href":"http:\/\/argentinamunicipal.com.ar\/argentina\/wp-json\/wp\/v2\/posts\/16240","targetHints":{"allow":["GET"]}}],"collection":[{"href":"http:\/\/argentinamunicipal.com.ar\/argentina\/wp-json\/wp\/v2\/posts"}],"about":[{"href":"http:\/\/argentinamunicipal.com.ar\/argentina\/wp-json\/wp\/v2\/types\/post"}],"author":[{"embeddable":true,"href":"http:\/\/argentinamunicipal.com.ar\/argentina\/wp-json\/wp\/v2\/users\/2"}],"replies":[{"embeddable":true,"href":"http:\/\/argentinamunicipal.com.ar\/argentina\/wp-json\/wp\/v2\/comments?post=16240"}],"version-history":[{"count":0,"href":"http:\/\/argentinamunicipal.com.ar\/argentina\/wp-json\/wp\/v2\/posts\/16240\/revisions"}],"wp:featuredmedia":[{"embeddable":true,"href":"http:\/\/argentinamunicipal.com.ar\/argentina\/wp-json\/wp\/v2\/media\/16241"}],"wp:attachment":[{"href":"http:\/\/argentinamunicipal.com.ar\/argentina\/wp-json\/wp\/v2\/media?parent=16240"}],"wp:term":[{"taxonomy":"category","embeddable":true,"href":"http:\/\/argentinamunicipal.com.ar\/argentina\/wp-json\/wp\/v2\/categories?post=16240"},{"taxonomy":"post_tag","embeddable":true,"href":"http:\/\/argentinamunicipal.com.ar\/argentina\/wp-json\/wp\/v2\/tags?post=16240"}],"curies":[{"name":"wp","href":"https:\/\/api.w.org\/{rel}","templated":true}]}}