{"id":162400,"date":"2026-03-13T04:22:45","date_gmt":"2026-03-13T07:22:45","guid":{"rendered":"http:\/\/argentinamunicipal.com.ar\/argentina\/?p=162400"},"modified":"2026-03-12T19:27:16","modified_gmt":"2026-03-12T22:27:16","slug":"el-gobierno-de-santa-fe-alerta-por-la-morosidad-en-familias-y-empresas","status":"publish","type":"post","link":"http:\/\/argentinamunicipal.com.ar\/argentina\/el-gobierno-de-santa-fe-alerta-por-la-morosidad-en-familias-y-empresas\/","title":{"rendered":"El gobierno de Santa Fe alerta por la morosidad en familias y empresas"},"content":{"rendered":"<p>El ministro de Trabajo, Roald Bascolo, advirti\u00f3 que el principal problema econ\u00f3mico est\u00e1 en la \u201cmicro\u201d, con familias endeudadas, firmas en dificultades y un mercado interno que no despega<\/p>\n<p>En un contexto econ\u00f3mico complejo a nivel nacional, el gobierno de Santa Fe plantea que uno de los fen\u00f3menos que comienza a preocupar con mayor fuerza es el\u00a0aumento de la morosidad\u00a0tanto en las familias como en las empresas, un indicador que refleja las dificultades de la econom\u00eda cotidiana.<\/p>\n<p>Seg\u00fan explic\u00f3 el el ministro de Trabajo provincial,\u00a0Roald Bascolo,\u00a0los indicadores de la macroeconom\u00eda muestran cierta estabilidad, pero la realidad de la actividad productiva y del consumo todav\u00eda no logra recuperarse.\u00a0\u201cPodr\u00edamos decir que la macro est\u00e1 medianamente ordenada, pero el problema que tiene la Argentina hoy es la micro\u201d, afirm\u00f3 Bascolo al analizar la situaci\u00f3n econ\u00f3mica actual.<\/p>\n<p>\u201cLa morosidad fue aumentando tanto en empresas como en individuos y eso incluso ya est\u00e1 afectando los resultados de los bancos. El problema es que est\u00e1 reflejando la situaci\u00f3n general de la sociedad en Argentina\u201d, advirti\u00f3 y agreg\u00f3: \u00abSe est\u00e1n atrasando las empresas. No pueden pagar sus deudas, las familias con la tarjeta de cr\u00e9dito, es una situaci\u00f3n que se aceler\u00f3 en los \u00faltimos seis meses\u201d.<\/p>\n<p><strong>Gobierno Santa Fe y la micro<\/strong><br \/>\nPara Bascolo, el gran desaf\u00edo econ\u00f3mico de los pr\u00f3ximos meses ser\u00e1\u00a0reactivar el mercado interno y mejorar el acceso al financiamiento, especialmente para pymes y consumidores.<\/p>\n<p>En ese punto cuestion\u00f3 el nivel de las tasas de inter\u00e9s vigentes en el sistema financiero.\u00a0\u201cHoy tasas de cr\u00e9ditos personales o descuento de cheques est\u00e1n en el orden del 80, 90 o 100 por ciento anual, con una inflaci\u00f3n proyectada del 25 por ciento. Son tasas muy dif\u00edciles de pagar\u201d, se\u00f1al\u00f3. Seg\u00fan sostuvo, en ese contexto el cr\u00e9dito termina convirti\u00e9ndose en\u00a0\u201cuna mochila muy pesada de llevar\u201d\u00a0tanto para empresas como para familias.<\/p>\n<p>Por eso plante\u00f3 que la recuperaci\u00f3n econ\u00f3mica depender\u00e1 en gran medida de fortalecer la microeconom\u00eda, impulsando el consumo y el financiamiento productivo. \u201cLa salida ser\u00eda tener cr\u00e9ditos a tasas razonables o subsidiadas para que haya m\u00e1s producci\u00f3n, m\u00e1s mercado interno y m\u00e1s inversi\u00f3n\u201d, concluy\u00f3.<\/p>\n<p><strong>Incentivos fiscales y nuevos empleos<\/strong><br \/>\nEl diagn\u00f3stico se da en paralelo a la implementaci\u00f3n de\u00a0beneficios fiscales incluidos en la ley tributaria provincial, que permiten a las empresas\u00a0deducir parte de los salarios de nuevos trabajadores del pago de Ingresos Brutos.<\/p>\n<p>Bascolo explic\u00f3 que se trata de una medida in\u00e9dita en la provincia y, seg\u00fan asegur\u00f3, tambi\u00e9n poco frecuente en el resto del pa\u00eds.\u00a0\u201cNunca sucedi\u00f3 en la provincia ni tampoco creo que se est\u00e9 haciendo en otras provincias del pa\u00eds: pagar menos Ingresos Brutos a trav\u00e9s de la contrataci\u00f3n de personal o descontando la tarifa de energ\u00eda el\u00e9ctrica\u201d, se\u00f1al\u00f3.<\/p>\n<p>El mecanismo permite descontar\u00a0hasta 1.600.000 pesos por empleado y por mes\u00a0cuando se trata de trabajadores que aumenten la plantilla respecto del a\u00f1o anterior.<\/p>\n<p>Los primeros resultados comenzaron a verse en el cierre de enero, el primer mes completo de vigencia del r\u00e9gimen. De acuerdo con los datos oficiales,\u00a0se generaron 649 nuevos puestos de trabajo y 366 empresas utilizaron el beneficio, mientras que\u00a02.500 firmas se sumaron a alguna de las herramientas previstas en la tributaria, incluyendo el descuento de la factura el\u00e9ctrica.<\/p>\n<p>\u201cFueron 649 nuevos puestos de trabajo que se generaron, 766 millones de pesos que se descontaron de Ingresos Brutos y que fueron a los trabajadores\u201d, detall\u00f3 el ministro.<\/p>\n<h6>Fuente: La Capital<\/h6>\n","protected":false},"excerpt":{"rendered":"<p>El ministro de Trabajo, Roald Bascolo, advirti\u00f3 que el principal problema econ\u00f3mico est\u00e1 en la \u201cmicro\u201d, con familias endeudadas, firmas en dificultades y un mercado interno que no despega<\/p>\n","protected":false},"author":2,"featured_media":162401,"comment_status":"closed","ping_status":"closed","sticky":false,"template":"","format":"standard","meta":{"footnotes":""},"categories":[2],"tags":[10],"class_list":["post-162400","post","type-post","status-publish","format-standard","has-post-thumbnail","hentry","category-informe-municipal","tag-santa-fe"],"_links":{"self":[{"href":"http:\/\/argentinamunicipal.com.ar\/argentina\/wp-json\/wp\/v2\/posts\/162400","targetHints":{"allow":["GET"]}}],"collection":[{"href":"http:\/\/argentinamunicipal.com.ar\/argentina\/wp-json\/wp\/v2\/posts"}],"about":[{"href":"http:\/\/argentinamunicipal.com.ar\/argentina\/wp-json\/wp\/v2\/types\/post"}],"author":[{"embeddable":true,"href":"http:\/\/argentinamunicipal.com.ar\/argentina\/wp-json\/wp\/v2\/users\/2"}],"replies":[{"embeddable":true,"href":"http:\/\/argentinamunicipal.com.ar\/argentina\/wp-json\/wp\/v2\/comments?post=162400"}],"version-history":[{"count":1,"href":"http:\/\/argentinamunicipal.com.ar\/argentina\/wp-json\/wp\/v2\/posts\/162400\/revisions"}],"predecessor-version":[{"id":162402,"href":"http:\/\/argentinamunicipal.com.ar\/argentina\/wp-json\/wp\/v2\/posts\/162400\/revisions\/162402"}],"wp:featuredmedia":[{"embeddable":true,"href":"http:\/\/argentinamunicipal.com.ar\/argentina\/wp-json\/wp\/v2\/media\/162401"}],"wp:attachment":[{"href":"http:\/\/argentinamunicipal.com.ar\/argentina\/wp-json\/wp\/v2\/media?parent=162400"}],"wp:term":[{"taxonomy":"category","embeddable":true,"href":"http:\/\/argentinamunicipal.com.ar\/argentina\/wp-json\/wp\/v2\/categories?post=162400"},{"taxonomy":"post_tag","embeddable":true,"href":"http:\/\/argentinamunicipal.com.ar\/argentina\/wp-json\/wp\/v2\/tags?post=162400"}],"curies":[{"name":"wp","href":"https:\/\/api.w.org\/{rel}","templated":true}]}}