{"id":162403,"date":"2026-03-13T04:27:39","date_gmt":"2026-03-13T07:27:39","guid":{"rendered":"http:\/\/argentinamunicipal.com.ar\/argentina\/?p=162403"},"modified":"2026-03-12T19:37:32","modified_gmt":"2026-03-12T22:37:32","slug":"pymes-a-milei-el-desafio-no-es-atacar-a-los-que-producen-sino-generar-condiciones-para-que-la-industria-crezca","status":"publish","type":"post","link":"http:\/\/argentinamunicipal.com.ar\/argentina\/pymes-a-milei-el-desafio-no-es-atacar-a-los-que-producen-sino-generar-condiciones-para-que-la-industria-crezca\/","title":{"rendered":"Pymes a Milei: \u201cEl desaf\u00edo no es atacar a los que producen, sino generar condiciones para que la industria crezca\u00bb"},"content":{"rendered":"<p>El presidente de Industriales Pymes Argentinos (IPA) cuestion\u00f3 las declaraciones del Presidente contra empresarios argentinos y advirti\u00f3 que el pa\u00eds atraviesa una situaci\u00f3n productiva que requiere pol\u00edticas para fortalecer la industria.<\/p>\n<p>El presidente de Industriales Pymes Argentinos (IPA),\u00a0Daniel Rosato, cuestion\u00f3 las recientes declaraciones del presidente Javier Milei contra empresarios argentinos\u00a0y advirti\u00f3 que el pa\u00eds atraviesa una situaci\u00f3n productiva que requiere di\u00e1logo y pol\u00edticas para fortalecer la industria.<\/p>\n<p>Las declaraciones del mandatario, realizadas durante una exposici\u00f3n en Nueva York, volvieron a apuntar contra empresarios como Paolo Rocca y Javier Madanes Quintanilla, lo que gener\u00f3 repercusiones en el sector industrial.<\/p>\n<p>Rosato sostuvo que\u00a0la Argentina necesita poner el foco en c\u00f3mo recuperar la producci\u00f3n y el empleo, en un contexto donde numerosas pymes enfrentan ca\u00edda del consumo, aumento de costos y dificultades para sostener la actividad.<\/p>\n<p>\u201cLas pymes industriales estamos atravesando un momento muy dif\u00edcil.\u00a0Hay empresas que est\u00e1n reduciendo producci\u00f3n, otras aplicando suspensiones y muchas que luchan d\u00eda a d\u00eda para no cerrar sus puertas\u201d,\u00a0afirm\u00f3.<\/p>\n<p>En ese sentido, se\u00f1al\u00f3 que la discusi\u00f3n p\u00fablica deber\u00eda centrarse en c\u00f3mo fortalecer el entramado productivo argentino, que es el principal generador de empleo en el pa\u00eds.<\/p>\n<p>\u201cEl desaf\u00edo de la Argentina no es atacar a quienes producen, sino\u00a0generar condiciones para que la industria crezca, invierta y genere trabajo\u201d,\u00a0sostuvo el dirigente empresario.<\/p>\n<p>Rosato remarc\u00f3, adem\u00e1s, que las pymes industriales representan uno de los pilares de la econom\u00eda nacional, por lo que consider\u00f3 fundamental avanzar en pol\u00edticas que promuevan la producci\u00f3n, el mercado interno y la competitividad.<\/p>\n<p>\u201cSin industria nacional, sin pymes y sin producci\u00f3n, es imposible pensar en un desarrollo sostenido para la Argentina\u201d, concluy\u00f3.<\/p>\n<h6>Fuente: La Nueva Ma\u00f1ana<\/h6>\n","protected":false},"excerpt":{"rendered":"<p>El presidente de Industriales Pymes Argentinos (IPA) cuestion\u00f3 las declaraciones del Presidente contra empresarios argentinos y advirti\u00f3 que el pa\u00eds atraviesa una situaci\u00f3n productiva que requiere pol\u00edticas para fortalecer la industria.<\/p>\n","protected":false},"author":2,"featured_media":162404,"comment_status":"closed","ping_status":"closed","sticky":false,"template":"","format":"standard","meta":{"footnotes":""},"categories":[8],"tags":[21],"class_list":["post-162403","post","type-post","status-publish","format-standard","has-post-thumbnail","hentry","category-informe-nacional","tag-argentina"],"_links":{"self":[{"href":"http:\/\/argentinamunicipal.com.ar\/argentina\/wp-json\/wp\/v2\/posts\/162403","targetHints":{"allow":["GET"]}}],"collection":[{"href":"http:\/\/argentinamunicipal.com.ar\/argentina\/wp-json\/wp\/v2\/posts"}],"about":[{"href":"http:\/\/argentinamunicipal.com.ar\/argentina\/wp-json\/wp\/v2\/types\/post"}],"author":[{"embeddable":true,"href":"http:\/\/argentinamunicipal.com.ar\/argentina\/wp-json\/wp\/v2\/users\/2"}],"replies":[{"embeddable":true,"href":"http:\/\/argentinamunicipal.com.ar\/argentina\/wp-json\/wp\/v2\/comments?post=162403"}],"version-history":[{"count":1,"href":"http:\/\/argentinamunicipal.com.ar\/argentina\/wp-json\/wp\/v2\/posts\/162403\/revisions"}],"predecessor-version":[{"id":162405,"href":"http:\/\/argentinamunicipal.com.ar\/argentina\/wp-json\/wp\/v2\/posts\/162403\/revisions\/162405"}],"wp:featuredmedia":[{"embeddable":true,"href":"http:\/\/argentinamunicipal.com.ar\/argentina\/wp-json\/wp\/v2\/media\/162404"}],"wp:attachment":[{"href":"http:\/\/argentinamunicipal.com.ar\/argentina\/wp-json\/wp\/v2\/media?parent=162403"}],"wp:term":[{"taxonomy":"category","embeddable":true,"href":"http:\/\/argentinamunicipal.com.ar\/argentina\/wp-json\/wp\/v2\/categories?post=162403"},{"taxonomy":"post_tag","embeddable":true,"href":"http:\/\/argentinamunicipal.com.ar\/argentina\/wp-json\/wp\/v2\/tags?post=162403"}],"curies":[{"name":"wp","href":"https:\/\/api.w.org\/{rel}","templated":true}]}}