{"id":162406,"date":"2026-03-12T19:42:35","date_gmt":"2026-03-12T22:42:35","guid":{"rendered":"http:\/\/argentinamunicipal.com.ar\/argentina\/?p=162406"},"modified":"2026-03-12T19:42:35","modified_gmt":"2026-03-12T22:42:35","slug":"con-kast-empieza-el-chile-de-ultraderecha","status":"publish","type":"post","link":"http:\/\/argentinamunicipal.com.ar\/argentina\/con-kast-empieza-el-chile-de-ultraderecha\/","title":{"rendered":"Con Kast empieza el Chile de ultraderecha"},"content":{"rendered":"<p>\u201cA los adversarios les digo: no vamos a negociar\u201d, dijo el nuevo presidente del vecino pa\u00eds, que promete mano dura a la inmigraci\u00f3n. Protesta de seguidores de Boric.<\/p>\n<p>\u201cA los adversarios de Chile les digo: no vamos a negociar\u201d, dijo\u00a0Jos\u00e9 Antonio\u00a0Kast\u00a0en su primer discurso oficial como presidente de Chile. Este mi\u00e9rcoles 11 de marzo, el abogado\u00a0ultraconservador\u00a0prest\u00f3 juramento en el Congreso Nacional ubicado en Valpara\u00edso. La ceremonia cont\u00f3 con la presencia, entre otras personalidades, de la opositora venezolana Mar\u00eda Corina Machado y del presidente argentino Javier Milei, y representa el final del mandato del ahora expresidente\u00a0Gabriel Boric.<\/p>\n<p>No fue un acto masivo. Bajo un sol agradable y sin una nube a la distancia, grupos de pocas decenas de personas se repart\u00edan alrededor de un ampl\u00edsimo cerco policial. Desde las vallas apenas se vislumbraban las puntas de las lanzas de la caballer\u00eda; se escuchaban gaviotas, y una mujer encorvada de pelo gris\u00e1ceo vend\u00eda banderas del vecino pa\u00eds.<\/p>\n<p>\u201cUna espera que todas las promesas que \u00e9l ha hecho se cumplan, sobre todo con la delincuencia\u201d, coment\u00f3 a\u00a0P\u00e1ginaI12\u00a0la vendedora Efigenia Fuenzalida (61), que trabajaba a la espera de operarse de una hernia umbilical. \u201cYo nunca he tenido que robar para vivir. Trabajar en la calle no me hace menos digna. Me encanta vender en la calle, porque comparto con la gente, aunque me ha tocado muchas veces que soy detenida. He tratado de pedir permiso, pero en cada gobierno como que soy descartada; no calzo.\u201d<\/p>\n<p>\u201cHay un hombre que est\u00e1 en sus cabales, que es Kast, y el otro que es un loco mani\u00e1tico\u201d, dir\u00eda a su tiempo Marisol Pozo (70). \u201cCon Kast va a llegar la tranquilidad y se va a acabar un poco la violencia, la cosa de la droga, el tr\u00e1fico. Eso es lo que uno pide, pos\u2019, vivir en paz. Hoy en d\u00eda uno anda con temor en las calles.\u201d<\/p>\n<p>Los convoyes policiales llenaban el per\u00edmetro a seis cuadras del Congreso. Desde all\u00ed se ol\u00edan las verduras, pescados y frutas del mercado. La gente aplaudi\u00f3 a las tropas de caballer\u00eda cuando marcharon por delante de las vallas; detr\u00e1s pas\u00f3 el personal de limpieza, que levant\u00f3 sus escobas para recibir los aplausos.<\/p>\n<p>A las doce menos cuarto alguien mir\u00f3 su tel\u00e9fono: \u201cEst\u00e1 entrando Kast\u201d. Se escucharon tambores, se cerr\u00f3 la calle y la gente se agolp\u00f3 sobre la reja.<\/p>\n<p>Kast hab\u00eda comenzado su d\u00eda en el palacio presidencial de Cerro Castillo, en la colindante Vi\u00f1a del Mar. All\u00ed pas\u00f3 la noche junto a su esposa Mar\u00eda Pia Adri\u00e1sola y sus nueve hijos, adem\u00e1s de un equipo de asesores.<\/p>\n<p>Tambi\u00e9n iba a ser all\u00ed que el actual mandatario recibir\u00eda a su par argentino Javier Milei, quien cancel\u00f3 la reuni\u00f3n bilateral en las primeras horas de la ma\u00f1ana. El imprevisto se suma a la suspensi\u00f3n del viaje de Lula da Silva, presidente de Brasil, adjudicada por medios de ese pa\u00eds a la presencia de Flavio Bolsonaro.<\/p>\n<p>Boric, por su parte, abri\u00f3 su jornada a las seis de la ma\u00f1ana haciendo abandono de La Moneda. All\u00ed se retiraron las fotos oficiales, se retrat\u00f3 por \u00faltima vez con sus ministros y sali\u00f3, entre aplausos de sus adherentes, rumbo al cambio de mando en Valpara\u00edso.<\/p>\n<p>\u201cNuestro pa\u00eds es un mejor lugar que el que era cuatro a\u00f1os atr\u00e1s\u201d, hab\u00eda dicho\u00a0el ya expresidente en su \u00faltima cadena nacional. En ella hizo referencia a proyectos de su gobierno como la ley de crianza, de copago cero en salud y de pago de pensiones alimenticias, as\u00ed como reconoci\u00f3 su mala gesti\u00f3n en la denuncia al subsecretario Monsalve y la compra de la casa de Salvador Allende.<\/p>\n<p>\u201cEs el \u00faltimo d\u00eda del presidente Boric y no quer\u00eda perd\u00e9rmelo\u201d, contaba entre jadeos Catherine Roa\u00a0(39), educadora de p\u00e1rvulo y madre de un hijo de 24, mientras vadeaba la cuesta del cerro Bar\u00f3n para ver m\u00e1s de cerca al mandatario saliente. \u201cCon \u00e9l a m\u00ed me subi\u00f3 el sueldo. Tambi\u00e9n subieron la JUNAEB (tarjeta alimentaria estudiantil), y eso fue maravilloso para mi hijo y para m\u00ed, que estudi\u00e1bamos en la universidad.\u201d<\/p>\n<p>Rozando las doce de la ma\u00f1ana, las autoridades iban entrando al congreso nacional. Javier Milei cruz\u00f3 la alfombra roja junto a su hermana Karina en medio de selfies, saludos y abrazos. Mar\u00eda Corina Machado, por su parte, atend\u00eda a los medios locales e internacionales en su reaparici\u00f3n tras semanas en los Estados Unidos. La gente tambi\u00e9n se agolpaba a verla a ella.<\/p>\n<p>Al pie del cerro Bar\u00f3n, por donde se esperaba que saliera la comitiva, la gente esperaba. Algunos llevaban banderas chilenas, otros banderas partidarias de Kast, la mayor\u00eda mayores de cincuenta y mirando la ceremonia en sus celulares. Pegados a la valla, un grupo de al menos doce personas despleg\u00f3 una enorme bandera venezolana.<\/p>\n<p>Unas cuadras m\u00e1s atr\u00e1s, Mar\u00eda Ang\u00e9lica Ram\u00edrez (59) y Gabriel Ram\u00edrez (18), t\u00eda y sobrino, que vest\u00edan remeras con el logo I love Venezuela, gorras a juego y cargaban banderas de ese pa\u00eds, rodeaban el Congreso para encontrar los mejores lugares.<\/p>\n<p>\u201cEstamos por nuestra l\u00edder Mar\u00eda Corina Machado\u201d, dec\u00eda Mar\u00eda Ang\u00e9lica,\u00a0\u201cporque ella fue la que ha luchado, la que ha guerreado contra el r\u00e9gimen. Y bueno, ya logr\u00f3 por medio del presidente Trump sacar a este delincuente de la presidencia.\u201d<\/p>\n<p>\u201cEs claro que salimos ahorita de un comunismo\u201d, complementaba Gabriel, \u201cy obviamente no querr\u00edamos un comunismo para un pa\u00eds que nos ha dado la mano. Y bueno, por ese lado apoyamos a pesar de lo que ha dicho de los venezolanos.\u201d<\/p>\n<p>Kast esgrimi\u00f3 como pilar de campa\u00f1a una \u201cmano dura\u201d contra la inmigraci\u00f3n ilegal. Entre las primeras medidas que proyecta su gobierno est\u00e1 la tipificaci\u00f3n del ingreso ilegal al pa\u00eds como delito. Machado, por otra parte, viene de recibir la noticia del reconocimiento de Trump al gobierno de Delcy Rodr\u00edguez en Venezuela.<\/p>\n<p>\u201cCuando Mar\u00eda Corina est\u00e9 en la presidencia de Venezuela, obviamente nosotros nos vamos a ir\u201d, sigue Mar\u00eda Ang\u00e9lica, \u201cAhora estamos, pues, preocupados, angustiados, porque dicen que nos van a sacar. Pero nosotros hoy d\u00eda nos emocionamos porque yo s\u00e9 que eso es pol\u00edtica, y s\u00e9 que Mar\u00eda Corina va a hacer algo por nosotros.\u201d<\/p>\n<p>Cerca de las 12:30 AM, Kast present\u00f3 juramento como presidente de Chile. Fue una ceremonia sin grandes discursos, seguida al pie de la letra, donde recibi\u00f3 la banda de manos de Paulina N\u00fa\u00f1ez (RN), reci\u00e9n elegida en la ma\u00f1ana. En el camino de saludo de salida, recibi\u00f3 los aplausos de los presidentes Rodrigo Paz de Bolivia, Daniel Noboa de Ecuador y del rey Felipe VI de Espa\u00f1a, entre otros l\u00edderes.<\/p>\n<p>En las vallas al pie del cerro Bar\u00f3n, la gente aglomerada ya superaba la centena. Carabineros de Chile apost\u00f3 un carro hidrante y otro carro lanza gases frente a ambos lados de la vereda. El grupo de la bandera de Venezuela segu\u00eda esperando frente a la valla. Cuando el Ford Galaxie de Kast pas\u00f3 por delante de la vereda, todo un grupo de personas, mayoritariamente j\u00f3venes, prorrumpi\u00f3 en insultos, gritos de protesta y c\u00e1nticos de apoyo al gobierno saliente.<\/p>\n<p>\u201cA m\u00ed el gobierno de Boric me representa\u201d, retomaba en el cerro una Catherine Roa cuyo hijo, con las ayudas sociales, se gradu\u00f3 de ingeniero en estad\u00edstica. \u201cHa hecho cambios que a veces la gente no tiene idea, pero uno tiene que informarse: es cosa de leer\u201d.<\/p>\n<p>El tumulto termin\u00f3 de explotar cuando Mar\u00eda Corina Machado, al ver la bandera venezolana, decidi\u00f3 parar la camioneta y bajarse a saludar a sus adherentes. La gente se agolp\u00f3 sobre ella, vol\u00f3 un proyectil y los carabineros saltaron al pavimento. La tarde seguir\u00eda con barricadas y choques con la polic\u00eda en sectores del centro de Valpara\u00edso. Kast cerr\u00f3 su jornada con su primer discurso oficial frente a cientos de militantes en La Moneda.<\/p>\n<h6>Fuente: P\u00e1gina 12<\/h6>\n","protected":false},"excerpt":{"rendered":"<p>\u201cA los adversarios les digo: no vamos a negociar\u201d, dijo el nuevo presidente del vecino pa\u00eds, que promete mano dura a la inmigraci\u00f3n. Protesta de seguidores de Boric.<\/p>\n","protected":false},"author":2,"featured_media":162407,"comment_status":"closed","ping_status":"closed","sticky":false,"template":"","format":"standard","meta":{"footnotes":""},"categories":[22],"tags":[57],"class_list":["post-162406","post","type-post","status-publish","format-standard","has-post-thumbnail","hentry","category-el-mundo","tag-el-mundo"],"_links":{"self":[{"href":"http:\/\/argentinamunicipal.com.ar\/argentina\/wp-json\/wp\/v2\/posts\/162406","targetHints":{"allow":["GET"]}}],"collection":[{"href":"http:\/\/argentinamunicipal.com.ar\/argentina\/wp-json\/wp\/v2\/posts"}],"about":[{"href":"http:\/\/argentinamunicipal.com.ar\/argentina\/wp-json\/wp\/v2\/types\/post"}],"author":[{"embeddable":true,"href":"http:\/\/argentinamunicipal.com.ar\/argentina\/wp-json\/wp\/v2\/users\/2"}],"replies":[{"embeddable":true,"href":"http:\/\/argentinamunicipal.com.ar\/argentina\/wp-json\/wp\/v2\/comments?post=162406"}],"version-history":[{"count":1,"href":"http:\/\/argentinamunicipal.com.ar\/argentina\/wp-json\/wp\/v2\/posts\/162406\/revisions"}],"predecessor-version":[{"id":162408,"href":"http:\/\/argentinamunicipal.com.ar\/argentina\/wp-json\/wp\/v2\/posts\/162406\/revisions\/162408"}],"wp:featuredmedia":[{"embeddable":true,"href":"http:\/\/argentinamunicipal.com.ar\/argentina\/wp-json\/wp\/v2\/media\/162407"}],"wp:attachment":[{"href":"http:\/\/argentinamunicipal.com.ar\/argentina\/wp-json\/wp\/v2\/media?parent=162406"}],"wp:term":[{"taxonomy":"category","embeddable":true,"href":"http:\/\/argentinamunicipal.com.ar\/argentina\/wp-json\/wp\/v2\/categories?post=162406"},{"taxonomy":"post_tag","embeddable":true,"href":"http:\/\/argentinamunicipal.com.ar\/argentina\/wp-json\/wp\/v2\/tags?post=162406"}],"curies":[{"name":"wp","href":"https:\/\/api.w.org\/{rel}","templated":true}]}}