{"id":162415,"date":"2026-03-13T05:00:46","date_gmt":"2026-03-13T08:00:46","guid":{"rendered":"http:\/\/argentinamunicipal.com.ar\/argentina\/?p=162415"},"modified":"2026-03-12T19:55:01","modified_gmt":"2026-03-12T22:55:01","slug":"crece-la-preocupacion-por-la-crisis-de-lacteos-veronica-y-el-conflicto-llega-al-congreso","status":"publish","type":"post","link":"http:\/\/argentinamunicipal.com.ar\/argentina\/crece-la-preocupacion-por-la-crisis-de-lacteos-veronica-y-el-conflicto-llega-al-congreso\/","title":{"rendered":"Crece la preocupaci\u00f3n por la crisis de L\u00e1cteos Ver\u00f3nica y el conflicto llega al Congreso"},"content":{"rendered":"<p>Con plantas paralizadas, salarios adeudados y m\u00e1s de 700 trabajadores afectados, legisladores nacionales impulsan un proyecto para advertir sobre el impacto econ\u00f3mico y social del conflicto<\/p>\n<p>Los casi 700 trabajadores de\u00a0L\u00e1cteos Ver\u00f3nica\u00a0apuestan a que si el conflicto trasciende las fronteras de las localidades santafesinas de Clason, Lehmann y Suardi en las que se encuentran las plantas productivas de la empresa tendr\u00e1n m\u00e1s chances de encontrar una soluci\u00f3n y lograr la reactivaci\u00f3n de la empresa. En la C\u00e1mara de Diputados de la Naci\u00f3n se present\u00f3 un proyecto de resoluci\u00f3n para advertir sobre la situaci\u00f3n que atraviesa la una de las firmas hist\u00f3ricas del sector l\u00e1cteo argentino, con fuerte presencia en la provincia de Santa Fe.<\/p>\n<p>Cuando una empresa de esta magnitud entra en crisis, no solo afecta a sus trabajadores sino tambi\u00e9n a productores, transportistas y a toda la cadena productiva.<\/p>\n<p>La situaci\u00f3n en L\u00e1cteos Ver\u00f3nica se tensa a\u00fan m\u00e1s en los \u00faltimos d\u00edas cuando\u00a0trabajadores de la firma recibieron telegramas en los que se les notific\u00f3 una reducci\u00f3n de la jornada laboral y de sus salarios. Durante el fin de semana pasado, los trabajadores junto a sus familias se manifestaron con quema de cubiertas y protestas en los accesos a los establecimientos que la firma posee en las provincias de Santa Fe y Buenos Aires.<\/p>\n<p><strong>En el Congreso<\/strong><br \/>\nLa presentaci\u00f3n en Diputados se da en medio de un conflicto que se profundiz\u00f3 en los \u00faltimos meses. D\u00edas atr\u00e1s, familiares de trabajadores difundieron un reclamo colectivo en el que describen una situaci\u00f3n cr\u00edtica, con salarios adeudados, reducci\u00f3n de horas y paralizaci\u00f3n de la producci\u00f3n en distintas plantas. Todas estas medidas, sin plan preventivo de crisis, ya que las presentaciones realizadas por la empresa fueron rechazadas por no presentar los balances.<\/p>\n<p>Seg\u00fan se\u00f1alaron,\u00a0los empleados denuncian atrasos salariales que en algunos casos se extienden por varias semanas, adem\u00e1s de incumplimientos en aportes previsionales, el pago de la ART y otros compromisos laborales. As\u00ed como el cierre definitivo de los dep\u00f3sitos ubicados en la ciudad de Rosario.<\/p>\n<p><strong>Impacto en la cuenca lechera<\/strong><br \/>\nEl conflicto tambi\u00e9n genera preocupaci\u00f3n en otros sectores de la cadena l\u00e1ctea, como productores tamberos, con quienes la deuda asciende a 60 millones de d\u00f3lares, configurando un da\u00f1o estructural a la producci\u00f3n lechera santafesina.<\/p>\n<p>La iniciativa diputada nacional Caren Tepp, que cuenta con el acompa\u00f1amiento de los diputados nacionales Germ\u00e1n Mart\u00ednez, Diego Giuliano y Agust\u00edn Rossi, expresa preocupaci\u00f3n por la paralizaci\u00f3n casi total de las plantas ubicadas en Clason, Lehmann y Suardi, as\u00ed como por el cierre de distintos dep\u00f3sitos en el pa\u00eds, una situaci\u00f3n que afecta a m\u00e1s de 700 trabajadores y genera incertidumbre en toda la cadena productiva vinculada a la actividad lechera.<\/p>\n<p>\u201cDetr\u00e1s de cada planta paralizada hay familias, pueblos enteros y una econom\u00eda regional que depende de esa actividad\u201d,\u00a0explic\u00f3 Tepp, autora de la iniciativa.<\/p>\n<p>En el proyecto, la legisladora tambi\u00e9n manifest\u00f3 su solidaridad con los trabajadores y sus familias, y plante\u00f3 la\u00a0necesidad de visibilizar el impacto social y productivo que podr\u00eda generar la profundizaci\u00f3n de la crisis en una empresa clave para la cuenca lechera santafesina.<\/p>\n<p>\u201cSe trata de una actividad estrat\u00e9gica para Santa Fe. Cuando una empresa de esta magnitud entra en crisis, no solo afecta a sus trabajadores sino tambi\u00e9n a productores, transportistas y a toda la cadena productiva\u201d, finaliz\u00f3 Tepp.<\/p>\n<h6>Fuente: La Capital<\/h6>\n","protected":false},"excerpt":{"rendered":"<p>Los casi 700 trabajadores de\u00a0L\u00e1cteos Ver\u00f3nica\u00a0apuestan a que si el conflicto trasciende las fronteras de las localidades santafesinas de Clason, Lehmann y Suardi en las que se encuentran las plantas productivas tendr\u00e1n m\u00e1s chances de encontrar una soluci\u00f3n<\/p>\n","protected":false},"author":2,"featured_media":162416,"comment_status":"closed","ping_status":"closed","sticky":false,"template":"","format":"standard","meta":{"footnotes":""},"categories":[2],"tags":[10],"class_list":["post-162415","post","type-post","status-publish","format-standard","has-post-thumbnail","hentry","category-informe-municipal","tag-santa-fe"],"_links":{"self":[{"href":"http:\/\/argentinamunicipal.com.ar\/argentina\/wp-json\/wp\/v2\/posts\/162415","targetHints":{"allow":["GET"]}}],"collection":[{"href":"http:\/\/argentinamunicipal.com.ar\/argentina\/wp-json\/wp\/v2\/posts"}],"about":[{"href":"http:\/\/argentinamunicipal.com.ar\/argentina\/wp-json\/wp\/v2\/types\/post"}],"author":[{"embeddable":true,"href":"http:\/\/argentinamunicipal.com.ar\/argentina\/wp-json\/wp\/v2\/users\/2"}],"replies":[{"embeddable":true,"href":"http:\/\/argentinamunicipal.com.ar\/argentina\/wp-json\/wp\/v2\/comments?post=162415"}],"version-history":[{"count":1,"href":"http:\/\/argentinamunicipal.com.ar\/argentina\/wp-json\/wp\/v2\/posts\/162415\/revisions"}],"predecessor-version":[{"id":162417,"href":"http:\/\/argentinamunicipal.com.ar\/argentina\/wp-json\/wp\/v2\/posts\/162415\/revisions\/162417"}],"wp:featuredmedia":[{"embeddable":true,"href":"http:\/\/argentinamunicipal.com.ar\/argentina\/wp-json\/wp\/v2\/media\/162416"}],"wp:attachment":[{"href":"http:\/\/argentinamunicipal.com.ar\/argentina\/wp-json\/wp\/v2\/media?parent=162415"}],"wp:term":[{"taxonomy":"category","embeddable":true,"href":"http:\/\/argentinamunicipal.com.ar\/argentina\/wp-json\/wp\/v2\/categories?post=162415"},{"taxonomy":"post_tag","embeddable":true,"href":"http:\/\/argentinamunicipal.com.ar\/argentina\/wp-json\/wp\/v2\/tags?post=162415"}],"curies":[{"name":"wp","href":"https:\/\/api.w.org\/{rel}","templated":true}]}}