{"id":162418,"date":"2026-03-13T05:48:47","date_gmt":"2026-03-13T08:48:47","guid":{"rendered":"http:\/\/argentinamunicipal.com.ar\/argentina\/?p=162418"},"modified":"2026-03-13T05:48:47","modified_gmt":"2026-03-13T08:48:47","slug":"el-senado-santafesino-dio-media-sancion-a-la-nueva-ley-organica-de-municipios-y-el-proyecto-paso-a-diputados","status":"publish","type":"post","link":"http:\/\/argentinamunicipal.com.ar\/argentina\/el-senado-santafesino-dio-media-sancion-a-la-nueva-ley-organica-de-municipios-y-el-proyecto-paso-a-diputados\/","title":{"rendered":"El Senado santafesino dio media sanci\u00f3n a la nueva Ley Org\u00e1nica de Municipios y el proyecto pas\u00f3 a Diputados"},"content":{"rendered":"<p>La C\u00e1mara alta aprob\u00f3 este jueves el proyecto que redefine la organizaci\u00f3n institucional de las localidades de toda la provincia, tras la reforma constitucional. La iniciativa, que establece la creaci\u00f3n de viceintendencias en Rosario y Santa Fe condicionada a sus cartas org\u00e1nicas, obtuvo un respaldo mayoritario y ahora deber\u00e1 ser tratada en Diputados<\/p>\n<p>La sesi\u00f3n del Senado de este jueves tuvo como eje central el debate y la posterior media sanci\u00f3n de la nueva Ley Org\u00e1nica de Municipios, una de las normas m\u00e1s relevantes derivadas de la reforma constitucional de 2025. El proyecto, que el Poder Ejecutivo hab\u00eda enviado a la Legislatura en diciembre pasado, cont\u00f3 con los votos tanto del oficialismo como de sectores de la oposici\u00f3n.<\/p>\n<p>El tratamiento del mensaje del oficialismo se hab\u00eda demorado en las semanas previas, principalmente por dos cuestiones: las diferencias dentro de la coalici\u00f3n Unidos respecto a la creaci\u00f3n del cargo de viceintendente en las grandes ciudades, y en la discusi\u00f3n sobre los recursos municipales.<\/p>\n<p>Uno de los pilares del proyecto es el reconocimiento expreso del municipio como una entidad pol\u00edtica aut\u00f3noma, con autonom\u00eda institucional, pol\u00edtica, administrativa, econ\u00f3mica y financiera. En ese marco, se redefine el concepto de municipio como todo n\u00facleo de poblaci\u00f3n con vida propia que se gobierna bajo un sistema democr\u00e1tico, representativo y republicano.<\/p>\n<p>Los municipios que superen los 10.000 habitantes quedan habilitados a convocar a una Convenci\u00f3n Municipal para sancionar su Carta Org\u00e1nica, lo que les permitir\u00e1 definir su estructura de gobierno, sus \u00f3rganos de control y sus mecanismos de participaci\u00f3n ciudadana. Aquellos que no lo hagan continuar\u00e1n rigi\u00e9ndose por la nueva ley.<\/p>\n<p>El proyecto introduce una clasificaci\u00f3n de los municipios seg\u00fan su poblaci\u00f3n, lo que impacta directamente en su organizaci\u00f3n institucional. Esta segmentaci\u00f3n determina el n\u00famero de concejales:\u00a0Hasta 3 mil habitantes tendr\u00e1n una comisi\u00f3n municipal de tres miembros; hasta 10 mil habitantes tendr\u00e1n una comisi\u00f3n municipal con 5 miembros; las localidades de hasta 20 mil habitantes van a poder optar entre 5 o 6 concejales; hasta 50 mil habitantes tendr\u00e1n 7 concejales; hasta 80.000 habitantes, nueve concejales; hasta 150.000 habitantes podr\u00e1n tener 11 concejales; y de 150 mil habitantes en adelante podr\u00e1n tener 2 concejales por cada 100 mil habitantes m\u00e1s.<\/p>\n<p>La creaci\u00f3n de las viceintendencias para Rosario y Santa Fe qued\u00f3 supeditada a la Carta Org\u00e1nica de esas ciudades.<\/p>\n<p>La iniciativa establece que intendentes y concejales tendr\u00e1n mandatos de cuatro a\u00f1os, con posibilidad de una sola reelecci\u00f3n consecutiva. Adem\u00e1s, dispone que las elecciones municipales se realicen en forma conjunta con las provinciales.<\/p>\n<p>El proyecto incorpora principios de gesti\u00f3n moderna en la administraci\u00f3n municipal. Establece el ingreso por concurso a la planta permanente, la estabilidad sujeta a evaluaciones de desempe\u00f1o, la capacitaci\u00f3n continua y un r\u00e9gimen claro de incompatibilidades.<\/p>\n<p>Tambi\u00e9n se fijan obligaciones en materia de transparencia, acceso a la informaci\u00f3n p\u00fablica y publicidad de los actos de gobierno, junto con la creaci\u00f3n de sistemas de control interno y normas de \u00e9tica p\u00fablica.<\/p>\n<p>Otro de los cap\u00edtulos centrales del proyecto es el r\u00e9gimen econ\u00f3mico y financiero municipal. All\u00ed se define la composici\u00f3n del tesoro municipal, integrado por recursos propios, coparticipaci\u00f3n, transferencias, cr\u00e9ditos y otros ingresos.<\/p>\n<p>El proyecto reglamenta los mecanismos de democracia directa previstos en la Constituci\u00f3n provincial, como la iniciativa popular, el refer\u00e9ndum, la consulta popular, las audiencias p\u00fablicas y la revocatoria de mandato.\u00a0Los requisitos para su activaci\u00f3n var\u00edan seg\u00fan la poblaci\u00f3n del municipio, con el objetivo de garantizar su aplicabilidad real y evitar que se conviertan en herramientas de dif\u00edcil acceso para la ciudadan\u00eda.<\/p>\n<p>Finalmente, la propuesta habilita de manera expresa la asociaci\u00f3n intermunicipal, la conformaci\u00f3n de regiones y \u00e1reas metropolitanas, y la celebraci\u00f3n de convenios con la Provincia, la Naci\u00f3n y otras jurisdicciones para la prestaci\u00f3n de servicios, la ejecuci\u00f3n de obras y la planificaci\u00f3n de pol\u00edticas p\u00fablicas.<\/p>\n<p><strong>Pr\u00f3ximos pasos<\/strong><br \/>\nCon la media sanci\u00f3n en el Senado, el proyecto pas\u00f3 a la C\u00e1mara de Diputados, donde se aprob\u00f3 el tratamiento con preferencia para el 9 de abril. All\u00ed se espera un debate similar al de la C\u00e1mara alta.<\/p>\n<p>El gobierno provincial tiene plazo hasta septiembre de 2026, seg\u00fan lo establece la cl\u00e1usula transitoria vig\u00e9sima quinta de la nueva Constituci\u00f3n, pero la intenci\u00f3n es resolver el tema cuanto antes para avanzar con el resto de la agenda legislativa.<\/p>\n<h6>Fuente: El Ciudadano<\/h6>\n","protected":false},"excerpt":{"rendered":"<p>La C\u00e1mara alta aprob\u00f3 este jueves el proyecto que redefine la organizaci\u00f3n institucional de las localidades de toda la provincia, tras la reforma constitucional.<\/p>\n","protected":false},"author":2,"featured_media":162419,"comment_status":"closed","ping_status":"closed","sticky":false,"template":"","format":"standard","meta":{"footnotes":""},"categories":[4],"tags":[10],"class_list":["post-162418","post","type-post","status-publish","format-standard","has-post-thumbnail","hentry","category-informe-politico","tag-santa-fe"],"_links":{"self":[{"href":"http:\/\/argentinamunicipal.com.ar\/argentina\/wp-json\/wp\/v2\/posts\/162418","targetHints":{"allow":["GET"]}}],"collection":[{"href":"http:\/\/argentinamunicipal.com.ar\/argentina\/wp-json\/wp\/v2\/posts"}],"about":[{"href":"http:\/\/argentinamunicipal.com.ar\/argentina\/wp-json\/wp\/v2\/types\/post"}],"author":[{"embeddable":true,"href":"http:\/\/argentinamunicipal.com.ar\/argentina\/wp-json\/wp\/v2\/users\/2"}],"replies":[{"embeddable":true,"href":"http:\/\/argentinamunicipal.com.ar\/argentina\/wp-json\/wp\/v2\/comments?post=162418"}],"version-history":[{"count":1,"href":"http:\/\/argentinamunicipal.com.ar\/argentina\/wp-json\/wp\/v2\/posts\/162418\/revisions"}],"predecessor-version":[{"id":162420,"href":"http:\/\/argentinamunicipal.com.ar\/argentina\/wp-json\/wp\/v2\/posts\/162418\/revisions\/162420"}],"wp:featuredmedia":[{"embeddable":true,"href":"http:\/\/argentinamunicipal.com.ar\/argentina\/wp-json\/wp\/v2\/media\/162419"}],"wp:attachment":[{"href":"http:\/\/argentinamunicipal.com.ar\/argentina\/wp-json\/wp\/v2\/media?parent=162418"}],"wp:term":[{"taxonomy":"category","embeddable":true,"href":"http:\/\/argentinamunicipal.com.ar\/argentina\/wp-json\/wp\/v2\/categories?post=162418"},{"taxonomy":"post_tag","embeddable":true,"href":"http:\/\/argentinamunicipal.com.ar\/argentina\/wp-json\/wp\/v2\/tags?post=162418"}],"curies":[{"name":"wp","href":"https:\/\/api.w.org\/{rel}","templated":true}]}}