{"id":162421,"date":"2026-03-16T05:31:05","date_gmt":"2026-03-16T08:31:05","guid":{"rendered":"http:\/\/argentinamunicipal.com.ar\/argentina\/?p=162421"},"modified":"2026-03-16T05:31:05","modified_gmt":"2026-03-16T08:31:05","slug":"santa-fe-se-reunio-el-plenario-de-secretarias-y-secretarios-generales-de-festram-en-el-trebol","status":"publish","type":"post","link":"http:\/\/argentinamunicipal.com.ar\/argentina\/santa-fe-se-reunio-el-plenario-de-secretarias-y-secretarios-generales-de-festram-en-el-trebol\/","title":{"rendered":"Santa Fe: Se reuni\u00f3 el Plenario de Secretarias y Secretarios Generales de FESTRAM en El Tr\u00e9bol"},"content":{"rendered":"<p>En el d\u00eda de la fecha, en la sede del Sindicato Municipal de la ciudad de El Tr\u00e9bol, el Plenario de Secretarios y Secretarias Generales de FESTRAM ratific\u00f3 todo lo actuado por sus representantes en la Mesa Paritaria y decidi\u00f3 continuar la negociaci\u00f3n salarial dentro de la Audiencia prevista para el lunes 16 convocada por la cartera laboral.<\/p>\n<p>El Plenario reclama que los Intendentes presenten una propuesta ampliamente superadora y no utilicen la Conciliaci\u00f3n Obligatoria como un simple mecanismo dilatorio.<\/p>\n<h6>Prensa FESTRAM<\/h6>\n","protected":false},"excerpt":{"rendered":"<p>El Plenario reclama que los Intendentes presenten una propuesta ampliamente superadora y no utilicen la Conciliaci\u00f3n Obligatoria como un simple mecanismo dilatorio.<\/p>\n","protected":false},"author":2,"featured_media":162422,"comment_status":"closed","ping_status":"closed","sticky":false,"template":"","format":"standard","meta":{"footnotes":""},"categories":[7],"tags":[10],"class_list":["post-162421","post","type-post","status-publish","format-standard","has-post-thumbnail","hentry","category-informe-sindical","tag-santa-fe"],"_links":{"self":[{"href":"http:\/\/argentinamunicipal.com.ar\/argentina\/wp-json\/wp\/v2\/posts\/162421","targetHints":{"allow":["GET"]}}],"collection":[{"href":"http:\/\/argentinamunicipal.com.ar\/argentina\/wp-json\/wp\/v2\/posts"}],"about":[{"href":"http:\/\/argentinamunicipal.com.ar\/argentina\/wp-json\/wp\/v2\/types\/post"}],"author":[{"embeddable":true,"href":"http:\/\/argentinamunicipal.com.ar\/argentina\/wp-json\/wp\/v2\/users\/2"}],"replies":[{"embeddable":true,"href":"http:\/\/argentinamunicipal.com.ar\/argentina\/wp-json\/wp\/v2\/comments?post=162421"}],"version-history":[{"count":1,"href":"http:\/\/argentinamunicipal.com.ar\/argentina\/wp-json\/wp\/v2\/posts\/162421\/revisions"}],"predecessor-version":[{"id":162423,"href":"http:\/\/argentinamunicipal.com.ar\/argentina\/wp-json\/wp\/v2\/posts\/162421\/revisions\/162423"}],"wp:featuredmedia":[{"embeddable":true,"href":"http:\/\/argentinamunicipal.com.ar\/argentina\/wp-json\/wp\/v2\/media\/162422"}],"wp:attachment":[{"href":"http:\/\/argentinamunicipal.com.ar\/argentina\/wp-json\/wp\/v2\/media?parent=162421"}],"wp:term":[{"taxonomy":"category","embeddable":true,"href":"http:\/\/argentinamunicipal.com.ar\/argentina\/wp-json\/wp\/v2\/categories?post=162421"},{"taxonomy":"post_tag","embeddable":true,"href":"http:\/\/argentinamunicipal.com.ar\/argentina\/wp-json\/wp\/v2\/tags?post=162421"}],"curies":[{"name":"wp","href":"https:\/\/api.w.org\/{rel}","templated":true}]}}