{"id":162427,"date":"2026-03-16T05:37:56","date_gmt":"2026-03-16T08:37:56","guid":{"rendered":"http:\/\/argentinamunicipal.com.ar\/argentina\/?p=162427"},"modified":"2026-03-16T05:37:56","modified_gmt":"2026-03-16T08:37:56","slug":"paro-en-la-municipalidad-de-posadas-municipales-dicen-que-el-aumento-de-19-mil-no-alcanza-para-nada","status":"publish","type":"post","link":"http:\/\/argentinamunicipal.com.ar\/argentina\/paro-en-la-municipalidad-de-posadas-municipales-dicen-que-el-aumento-de-19-mil-no-alcanza-para-nada\/","title":{"rendered":"Paro en la Municipalidad de Posadas: municipales dicen que el aumento de $19 mil \u201cno alcanza para nada\u201d"},"content":{"rendered":"<p>Empleados municipales iniciaron una medida de fuerza al considerar insuficiente la propuesta salarial de la Municipalidad. Denuncian que el incremento ofrecido \u201cno alcanza para nada\u201d.<\/p>\n<p>Trabajadores de la Municipalidad de\u00a0Posadas\u00a0iniciaron este viernes un paro que paraliz\u00f3 la actividad en la administraci\u00f3n central y en distintas bases operativas de la ciudad, en rechazo a la propuesta salarial presentada por la gesti\u00f3n municipal.<\/p>\n<p>Seg\u00fan indicaron los empleados, la comuna ofreci\u00f3 un aumento de apenas 19 mil pesos, cifra que fue considerada insuficiente frente al costo de vida actual. \u201cNo alcanza para nada\u201d, se\u00f1alaron trabajadores que participan de la medida de fuerza.<\/p>\n<p>La protesta impacta tanto en las oficinas del edificio central como en distintos sectores operativos del municipio, entre ellos la base Base Zaim\u00e1n, donde funciona el sector de recolecci\u00f3n de residuos. All\u00ed, al igual que en otras dependencias, las tareas se encuentran afectadas por la medida.<\/p>\n<p>El malestar entre los municipales crece ante lo que consideran una falta de respuesta adecuada por parte de la gesti\u00f3n frente al reclamo salarial. Mientras tanto, varias \u00e1reas del municipio permanecen con actividad reducida o directamente paralizadas.<\/p>\n<h6>Fuente: noticiasdelacalle.com.ar<\/h6>\n","protected":false},"excerpt":{"rendered":"<p>Empleados municipales iniciaron una medida de fuerza al considerar insuficiente la propuesta salarial de la Municipalidad. Denuncian que el incremento ofrecido \u201cno alcanza para nada\u201d.<\/p>\n","protected":false},"author":2,"featured_media":162428,"comment_status":"closed","ping_status":"closed","sticky":false,"template":"","format":"standard","meta":{"footnotes":""},"categories":[7],"tags":[27],"class_list":["post-162427","post","type-post","status-publish","format-standard","has-post-thumbnail","hentry","category-informe-sindical","tag-misiones"],"_links":{"self":[{"href":"http:\/\/argentinamunicipal.com.ar\/argentina\/wp-json\/wp\/v2\/posts\/162427","targetHints":{"allow":["GET"]}}],"collection":[{"href":"http:\/\/argentinamunicipal.com.ar\/argentina\/wp-json\/wp\/v2\/posts"}],"about":[{"href":"http:\/\/argentinamunicipal.com.ar\/argentina\/wp-json\/wp\/v2\/types\/post"}],"author":[{"embeddable":true,"href":"http:\/\/argentinamunicipal.com.ar\/argentina\/wp-json\/wp\/v2\/users\/2"}],"replies":[{"embeddable":true,"href":"http:\/\/argentinamunicipal.com.ar\/argentina\/wp-json\/wp\/v2\/comments?post=162427"}],"version-history":[{"count":1,"href":"http:\/\/argentinamunicipal.com.ar\/argentina\/wp-json\/wp\/v2\/posts\/162427\/revisions"}],"predecessor-version":[{"id":162429,"href":"http:\/\/argentinamunicipal.com.ar\/argentina\/wp-json\/wp\/v2\/posts\/162427\/revisions\/162429"}],"wp:featuredmedia":[{"embeddable":true,"href":"http:\/\/argentinamunicipal.com.ar\/argentina\/wp-json\/wp\/v2\/media\/162428"}],"wp:attachment":[{"href":"http:\/\/argentinamunicipal.com.ar\/argentina\/wp-json\/wp\/v2\/media?parent=162427"}],"wp:term":[{"taxonomy":"category","embeddable":true,"href":"http:\/\/argentinamunicipal.com.ar\/argentina\/wp-json\/wp\/v2\/categories?post=162427"},{"taxonomy":"post_tag","embeddable":true,"href":"http:\/\/argentinamunicipal.com.ar\/argentina\/wp-json\/wp\/v2\/tags?post=162427"}],"curies":[{"name":"wp","href":"https:\/\/api.w.org\/{rel}","templated":true}]}}