{"id":162430,"date":"2026-03-16T05:51:08","date_gmt":"2026-03-16T08:51:08","guid":{"rendered":"http:\/\/argentinamunicipal.com.ar\/argentina\/?p=162430"},"modified":"2026-03-16T05:51:08","modified_gmt":"2026-03-16T08:51:08","slug":"ya-se-palpita-el-encuentro-de-mujeres-asadoras-en-rincon-de-los-sauces-21-y-22-de-marzo","status":"publish","type":"post","link":"http:\/\/argentinamunicipal.com.ar\/argentina\/ya-se-palpita-el-encuentro-de-mujeres-asadoras-en-rincon-de-los-sauces-21-y-22-de-marzo\/","title":{"rendered":"Ya se palpita el encuentro de Mujeres Asadoras en Rinc\u00f3n de los Sauces, 21 y 22 de marzo"},"content":{"rendered":"<p>La localidad de Rinc\u00f3n de los Sauces ser\u00e1 escenario de una nueva edici\u00f3n del Encuentro de Mujeres Asadoras. El evento reunir\u00e1 duplas de cocineras, tendr\u00e1 chefs invitados y adem\u00e1s propuestas gastron\u00f3micas abiertas al p\u00fablico.<\/p>\n<p>Rinc\u00f3n de los Sauces ser\u00e1 sede del tercer Encuentro de Mujeres Asadoras de Chivo, que se realizar\u00e1 el s\u00e1bado 21 y domingo 22 de marzo en el predio ferial de la localidad. El evento gastron\u00f3mico incluir\u00e1 competencia de asado de chivo, clases magistrales, patio de comidas, ferias de emprendedores y espect\u00e1culos art\u00edsticos.<\/p>\n<p>Seg\u00fan inform\u00f3 el gobierno de Neuqu\u00e9n, la\u00a0actividad\u00a0forma parte del Mes de la Mujer y re\u00fane a duplas de asadoras que compiten\u00a0con la preparaci\u00f3n de chivo al asador.\u00a0La propuesta, resaltaron, busca visibilizar el trabajo de las mujeres en la gastronom\u00eda regional.<\/p>\n<p>La ministra de Turismo, Ambiente y Recursos Naturales de Neuqu\u00e9n, Leticia Esteves, declar\u00f3 el encuentro de inter\u00e9s tur\u00edstico provincial. La distinci\u00f3n reconoce el aporte de la actividad a la identidad gastron\u00f3mica y al desarrollo tur\u00edstico del norte neuquino.<\/p>\n<p>La organizaci\u00f3n estar\u00e1 a cargo de la municipalidad de Rinc\u00f3n de los Sauces. Habr\u00e1 demostraciones\u00a0gastron\u00f3micas, feria de emprendedores y un patio de comidas con platos regionales.<\/p>\n<p>Competencia de chivo al asador con chefs neuquinos como jurado<\/p>\n<p>El jurado estar\u00e1 integrado por referentes de la gastronom\u00eda neuquina. Entre ellos participar\u00e1n los chefs embajadores\u00a0Claudio Abraham, de Jun\u00edn de los Andes, y\u00a0Jorgelina Esper, de Zapala, quienes evaluar\u00e1n las preparaciones de las participantes.<\/p>\n<p>El encuentro fue impulsado por el chef Ram\u00f3n \u201cMoncho\u201d V\u00e1zquez, quien explic\u00f3 el origen de la propuesta: \u201cPara m\u00ed es como cumplir un sue\u00f1o, porque es una idea que ten\u00eda desde hace much\u00edsimos a\u00f1os: reivindicar el trabajo de la mujer de campo y su rol en nuestras tradiciones\u201d.<\/p>\n<p>Adem\u00e1s de la competencia de asadoras, cuya inscripci\u00f3n cerr\u00f3 el pasado 1 de marzo, destacaron que el evento busca generar un espacio de integraci\u00f3n comunitaria y promoci\u00f3n tur\u00edstica.<\/p>\n<p>La entrada para ambos d\u00edas cuesta\u00a090 mil pesos.\u00a0El horario de apertura del evento ser\u00e1 a las 12, seg\u00fan detallaron en la p\u00e1gina oficial.<\/p>\n<p>Desde la municipalidad indicaron que la venta de bonos contribuye al financiamiento del encuentro y al sostenimiento de esta propuesta gastron\u00f3mica.<\/p>\n<h6>Fuente: rionegro<\/h6>\n","protected":false},"excerpt":{"rendered":"<p>La localidad de Rinc\u00f3n de los Sauces ser\u00e1 escenario de una nueva edici\u00f3n del Encuentro de Mujeres Asadoras. El evento reunir\u00e1 duplas de cocineras, tendr\u00e1 chefs invitados y adem\u00e1s propuestas gastron\u00f3micas abiertas al p\u00fablico.<\/p>\n","protected":false},"author":2,"featured_media":162431,"comment_status":"closed","ping_status":"closed","sticky":false,"template":"","format":"standard","meta":{"footnotes":""},"categories":[47],"tags":[23],"class_list":["post-162430","post","type-post","status-publish","format-standard","has-post-thumbnail","hentry","category-fiestas","tag-neuquen"],"_links":{"self":[{"href":"http:\/\/argentinamunicipal.com.ar\/argentina\/wp-json\/wp\/v2\/posts\/162430","targetHints":{"allow":["GET"]}}],"collection":[{"href":"http:\/\/argentinamunicipal.com.ar\/argentina\/wp-json\/wp\/v2\/posts"}],"about":[{"href":"http:\/\/argentinamunicipal.com.ar\/argentina\/wp-json\/wp\/v2\/types\/post"}],"author":[{"embeddable":true,"href":"http:\/\/argentinamunicipal.com.ar\/argentina\/wp-json\/wp\/v2\/users\/2"}],"replies":[{"embeddable":true,"href":"http:\/\/argentinamunicipal.com.ar\/argentina\/wp-json\/wp\/v2\/comments?post=162430"}],"version-history":[{"count":1,"href":"http:\/\/argentinamunicipal.com.ar\/argentina\/wp-json\/wp\/v2\/posts\/162430\/revisions"}],"predecessor-version":[{"id":162432,"href":"http:\/\/argentinamunicipal.com.ar\/argentina\/wp-json\/wp\/v2\/posts\/162430\/revisions\/162432"}],"wp:featuredmedia":[{"embeddable":true,"href":"http:\/\/argentinamunicipal.com.ar\/argentina\/wp-json\/wp\/v2\/media\/162431"}],"wp:attachment":[{"href":"http:\/\/argentinamunicipal.com.ar\/argentina\/wp-json\/wp\/v2\/media?parent=162430"}],"wp:term":[{"taxonomy":"category","embeddable":true,"href":"http:\/\/argentinamunicipal.com.ar\/argentina\/wp-json\/wp\/v2\/categories?post=162430"},{"taxonomy":"post_tag","embeddable":true,"href":"http:\/\/argentinamunicipal.com.ar\/argentina\/wp-json\/wp\/v2\/tags?post=162430"}],"curies":[{"name":"wp","href":"https:\/\/api.w.org\/{rel}","templated":true}]}}