{"id":162433,"date":"2026-03-16T05:53:24","date_gmt":"2026-03-16T08:53:24","guid":{"rendered":"http:\/\/argentinamunicipal.com.ar\/argentina\/?p=162433"},"modified":"2026-03-16T05:53:24","modified_gmt":"2026-03-16T08:53:24","slug":"cuba-confirmo-el-inicio-de-un-dialogo-con-ee-uu-en-medio-de-la-presion-de-donald-trump","status":"publish","type":"post","link":"http:\/\/argentinamunicipal.com.ar\/argentina\/cuba-confirmo-el-inicio-de-un-dialogo-con-ee-uu-en-medio-de-la-presion-de-donald-trump\/","title":{"rendered":"Cuba confirm\u00f3 el inicio de un di\u00e1logo con EE.UU. en medio de la presi\u00f3n de Donald Trump"},"content":{"rendered":"<p>Washington mantiene un bloqueo econ\u00f3mico sobre la isla hace m\u00e1s de seis d\u00e9cadas. Ese hecho es tan incontrastable como la decisi\u00f3n de Cuba de dialogar en pie de igualdad y con respeto a su soberan\u00eda.<\/p>\n<p>El presidente cubano Miguel D\u00edaz Canel confirm\u00f3 en conferencia de prensa lo que el de Estados Unidos, Donald Trump, hab\u00eda anticipado el 5 de marzo ante Messi y sus compa\u00f1eros del Inter de Miami. Que los dos gobiernos iniciaron conversaciones para superar viejos conflictos bilaterales. La diferencia notoria del momento elegido y de los interlocutores a quienes iba destinado el mensaje, indica no solo una disparidad de estilos. Tambi\u00e9n sobresale el tono triunfalista e intimidatorio del magnate inmobiliario devenido en l\u00edder del Partido Republicano. La pol\u00edtica exterior de EE.UU. \u2013ya lo dijo su secretario de Estado, Marco Rubio\u2013 es imponer \u201cla paz por la fuerza\u201d en cualquier lugar del planeta pero hasta ahora lo \u00fanico que consigui\u00f3 fue exportar guerras.<\/p>\n<p>EE.UU. mantiene un bloqueo econ\u00f3mico contra la isla desde que triunf\u00f3 la Revoluci\u00f3n y lo sostiene por m\u00e1s de seis d\u00e9cadas. Viola resoluciones de Naciones Unidas contra aquella medida unilateral cuyo levantamiento se vot\u00f3 en la Asamblea de la ONU 33 veces consecutivas hasta 2025 con abrumadoras victorias diplom\u00e1ticas de La Habana.<\/p>\n<p>Ese hecho es tan incontrastable como la decisi\u00f3n de Cuba de dialogar en pie de igualdad, con respeto a su soberan\u00eda y sistema pol\u00edtico. D\u00edaz Canel, tambi\u00e9n primer secretario del Partido Comunista, declar\u00f3: \u201cDebemos lograr espacios de entendimiento y alejarnos de la confrontaci\u00f3n\u201d. Est\u00e1 muy claro que no resultar\u00e1 sencillo. Las negociaciones que junto a \u00e9l -seg\u00fan el jefe de Estado- promovi\u00f3 Ra\u00fal Castro, se manejan con discreci\u00f3n y buscan el di\u00e1logo que para la isla debe respetar \u201cla igualdad y la autodeterminaci\u00f3n\u201d.<\/p>\n<p>El presidente adem\u00e1s realiz\u00f3 anuncios muy importantes sobre la cr\u00edtica situaci\u00f3n que vive Cuba por la profundizaci\u00f3n del bloqueo. Por esa v\u00eda, EE.UU. siempre persigui\u00f3 hasta ahora devolver la isla a su condici\u00f3n de colonia anterior a la propia Revoluci\u00f3n.<\/p>\n<p>\u201cHoy podemos ratificar que hace m\u00e1s de tres meses no entra ning\u00fan barco de petr\u00f3leo a nuestro pa\u00eds\u201d, inform\u00f3\u00a0D\u00edaz Canel\u00a0y admiti\u00f3 que \u201cfuncionarios cubanos han sostenido recientemente conversaciones con representantes del gobierno de los Estados Unidos\u201d. En este di\u00e1logo embrionario entre las dos naciones vecinas, el presidente se\u00f1al\u00f3 que \u201cun grupo de actores internacionales favoreci\u00f3 estos intercambios\u201d.<\/p>\n<p>\u00bfC\u00f3mo se ha desarrollado este proceso que seg\u00fan Cuba se encuentra en las fases iniciales? \u201cLos prop\u00f3sitos son determinar los problemas bilaterales que necesitan soluci\u00f3n, cu\u00e1les son las v\u00edas, y la voluntad para solucionarlos\u201d, coment\u00f3 el jefe de Estado.<\/p>\n<p><strong>\u201cEl impacto del bloqueo energ\u00e9tico es violento\u201d<\/strong><br \/>\nD\u00edaz Canel brind\u00f3 esta informaci\u00f3n sobre pol\u00edtica exterior pero adem\u00e1s se refiri\u00f3 a problemas internos\u00a0que afectan la econom\u00eda, la crisis energ\u00e9tica y la falta de petr\u00f3leo que soporta el pa\u00eds desde que Estados Unidos atac\u00f3 Venezuela, incaut\u00f3 ese recurso y secuestr\u00f3 a su presidente Nicol\u00e1s Maduro y a su esposa Cilia Flores.<\/p>\n<p>\u201cEstamos generando electricidad con petr\u00f3leo nacional y las energ\u00edas renovables. El sistema electroenerg\u00e9tico nacional est\u00e1 en una situaci\u00f3n de inestabilidad por el d\u00e9ficit de combustible. El impacto del bloqueo energ\u00e9tico es violento. El problema no es solo en La Habana, porque en otros territorios ha tenido efectos\u201d, explic\u00f3 el presidente. Con todo, reconoci\u00f3 que \u201cestamos viviendo una situaci\u00f3n para la cual nos ven\u00edamos preparando de antemano e implementamos medidas\u201d.<\/p>\n<p>Algunas de las alternativas para paliar la crisis que provoca apagones reiterados, seg\u00fan lo informado en el encuentro con periodistas, son: \u201cAntes de finalizar marzo, quedar\u00e1n sincronizados otros 100 megavatios en energ\u00eda fotovoltaica. En los pr\u00f3ximos d\u00edas estar\u00e1n en funcionamiento las primeras bater\u00edas asociadas a los parques solares que servir\u00e1n para regular la frecuencia del SEN (Servicio Electroenerg\u00e9tico Nacional)\u201d. Y adem\u00e1s, seg\u00fan D\u00edaz Canel, \u201cen los pr\u00f3ximos d\u00edas arribar\u00e1n al pa\u00eds los primeros 100 veh\u00edculos el\u00e9ctricos para el servicio de hemodi\u00e1lisis\u201d.<\/p>\n<p>Se sabe el costo humano que ha tenido la profundizaci\u00f3n del bloqueo, con sus secuelas para la salud, la educaci\u00f3n, el transporte y las actividades en los centros productivos de la isla. \u201cEsto provoca irritabilidad en la poblaci\u00f3n porque impacta en los servicios b\u00e1sicos\u201d, describi\u00f3 D\u00edaz Canel. Y lament\u00f3 \u201cque haya personas que en medio de este malestar que puede ser leg\u00edtimo, culpan a la Revoluci\u00f3n, y al gobierno, y es injusto, porque la culpa es del bloqueo energ\u00e9tico\u201d.<\/p>\n<p>Otra medida que adelant\u00f3 el presidente es que se propiciar\u00e1 \u201cla participaci\u00f3n de los cubanos residentes en el exterior en la vida econ\u00f3mica del pa\u00eds\u201d. El anuncio lo dar\u00e1 a conocer el pr\u00f3ximo lunes el viceprimer ministro Oscar P\u00e9rez-Oliva Fraga. Un joven diputado de la Asamblea Nacional del Poder Popular con perfil t\u00e9cnico y vocero emergente del gobierno en temas energ\u00e9ticos.<\/p>\n<p>El dato que se\u00f1ala con m\u00e1s precisi\u00f3n las conversaciones en curso entre Estados Unidos y Cuba est\u00e1 vinculado al ataque que sufri\u00f3 un guardacostas de la isla el 25 de febrero. Tuvo el saldo de cinco integrantes de un grupo comando muertos cuando intentaban infiltrarse en territorio cubano y un oficial local herido de gravedad. Otros integrantes de la embarcaci\u00f3n fueron detenidos y seg\u00fan La Habana, reconocieron que buscaban desestabilizar al gobierno. Su embarcaci\u00f3n estaba registrada en el estado de Florida, Estados Unidos.<\/p>\n<p>D\u00edaz Canel, citado por Prensa Latina -la agencia de noticias cubana-, aludi\u00f3 a ese episodio y coment\u00f3 una posibilidad que hubiera sido impensada hasta la instancia de di\u00e1logo que se abri\u00f3. Dijo que su pa\u00eds est\u00e1 a la espera de una \u201cposible visita\u201d de un grupo de expertos del FBI para participar en el esclarecimiento de los hechos junto al Ministerio del Interior. En la extensa conferencia el presidente agreg\u00f3 que su gobierno tom\u00f3 la decisi\u00f3n de \u201cliberar a 51 personas sancionadas con prisi\u00f3n, en consonancia con la vocaci\u00f3n humanista de la Revoluci\u00f3n\u201d.<\/p>\n<h6>Fuente: pagina12.com.ar<\/h6>\n","protected":false},"excerpt":{"rendered":"<p>Washington mantiene un bloqueo econ\u00f3mico sobre la isla hace m\u00e1s de seis d\u00e9cadas. Ese hecho es tan incontrastable como la decisi\u00f3n de Cuba de dialogar en pie de igualdad y con respeto a su soberan\u00eda.<\/p>\n","protected":false},"author":2,"featured_media":162434,"comment_status":"closed","ping_status":"closed","sticky":false,"template":"","format":"standard","meta":{"footnotes":""},"categories":[22],"tags":[57],"class_list":["post-162433","post","type-post","status-publish","format-standard","has-post-thumbnail","hentry","category-el-mundo","tag-el-mundo"],"_links":{"self":[{"href":"http:\/\/argentinamunicipal.com.ar\/argentina\/wp-json\/wp\/v2\/posts\/162433","targetHints":{"allow":["GET"]}}],"collection":[{"href":"http:\/\/argentinamunicipal.com.ar\/argentina\/wp-json\/wp\/v2\/posts"}],"about":[{"href":"http:\/\/argentinamunicipal.com.ar\/argentina\/wp-json\/wp\/v2\/types\/post"}],"author":[{"embeddable":true,"href":"http:\/\/argentinamunicipal.com.ar\/argentina\/wp-json\/wp\/v2\/users\/2"}],"replies":[{"embeddable":true,"href":"http:\/\/argentinamunicipal.com.ar\/argentina\/wp-json\/wp\/v2\/comments?post=162433"}],"version-history":[{"count":1,"href":"http:\/\/argentinamunicipal.com.ar\/argentina\/wp-json\/wp\/v2\/posts\/162433\/revisions"}],"predecessor-version":[{"id":162435,"href":"http:\/\/argentinamunicipal.com.ar\/argentina\/wp-json\/wp\/v2\/posts\/162433\/revisions\/162435"}],"wp:featuredmedia":[{"embeddable":true,"href":"http:\/\/argentinamunicipal.com.ar\/argentina\/wp-json\/wp\/v2\/media\/162434"}],"wp:attachment":[{"href":"http:\/\/argentinamunicipal.com.ar\/argentina\/wp-json\/wp\/v2\/media?parent=162433"}],"wp:term":[{"taxonomy":"category","embeddable":true,"href":"http:\/\/argentinamunicipal.com.ar\/argentina\/wp-json\/wp\/v2\/categories?post=162433"},{"taxonomy":"post_tag","embeddable":true,"href":"http:\/\/argentinamunicipal.com.ar\/argentina\/wp-json\/wp\/v2\/tags?post=162433"}],"curies":[{"name":"wp","href":"https:\/\/api.w.org\/{rel}","templated":true}]}}