{"id":162442,"date":"2026-03-16T06:02:31","date_gmt":"2026-03-16T09:02:31","guid":{"rendered":"http:\/\/argentinamunicipal.com.ar\/argentina\/?p=162442"},"modified":"2026-03-16T06:02:31","modified_gmt":"2026-03-16T09:02:31","slug":"miedo-al-desempleo","status":"publish","type":"post","link":"http:\/\/argentinamunicipal.com.ar\/argentina\/miedo-al-desempleo\/","title":{"rendered":"Miedo al desempleo"},"content":{"rendered":"<p>El miedo a perder el empleo y la insuficiencia de los ingresos son las principales inquietudes de los argentinos, seg\u00fan el \u00faltimo relevamiento de marzo del Centro de Estudios de Opini\u00f3n P\u00fablica (CEOP). La encuesta realizada para 1.800 casos en todo el pa\u00eds arroj\u00f3 que el 47,4 por ciento de las personas advierte que los bajos sueldos e ingresos son su preocupaci\u00f3n principal y el 30,4 por ciento la identifica con la falta de trabajo. Esta \u00faltima raz\u00f3n creci\u00f3 notablemente (m\u00e1s de 15 puntos porcentuales) entre enero y marzo de este a\u00f1o, ante el masivo cierre de empresas. Las encuestas describen un clima social cada vez m\u00e1s atravesado por la incertidumbre, donde amplios sectores perciben que el horizonte econ\u00f3mico ser\u00e1 negativo si el Gobierno no cambia el rumbo.<\/p>\n<p>Si la pol\u00edtica econ\u00f3mica no cambia, \u201ccada vez m\u00e1s empresas seguir\u00e1n cerrando y la velocidad de los despidos ser\u00e1 mayor\u201d, advierte Mart\u00edn Pollera, economista y miembro del Grupo Atenas, que coordina junto con Silvina Batakis. Desde ese colectivo elaboraron un informe en el que se expone que por cada dos puestos directos eliminados, se pierde tambi\u00e9n un empleo indirecto.<\/p>\n<p>El informe del Grupo Atenas mostr\u00f3 que desde que asumi\u00f3 Milei se perdieron 104.000 puestos de trabajo en la industria, de los cuales 71.000 fueron puestos directos y 31.000 empleos indirectos. De hecho en algunos casos al interior de la industria hay ramas que generan m\u00e1s puestos indirectos que directos. El multiplicador del empleo es especialmente alto en sectores como la extracci\u00f3n y refinaci\u00f3n de petr\u00f3leo, los alimentos y bebidas, la producci\u00f3n automotriz, de equipamiento m\u00e9dico, qu\u00edmicos y papel.<\/p>\n<p>\u201cLa industria manufacturera se posiciona como el sector con la mayor destrucci\u00f3n neta de empleo formal en el conjunto de la econom\u00eda nacional, y adem\u00e1s es la actividad cuya ca\u00edda arrastra con mayor fuerza al empleo en sectores vinculados\u201d, sostiene Pollera.<\/p>\n<p>Desde el Gobierno relativizan el impacto del deterioro industrial sobre el empleo. Federico Sturzenegger, ministro de Desregulaci\u00f3n y Transformaci\u00f3n del Estado, expres\u00f3 primero que la industria apenas emplea el 17 por ciento de la fuerza laboral y por eso un cierre de empresas no ser\u00eda gravoso. Con ese porcentaje, la industria es el cuarto sector econ\u00f3mico en t\u00e9rminos de capacidad de generar empleo directo, adem\u00e1s del impacto en el empleo indirecto que genera la actividad fabril.<\/p>\n<p>Por otro lado, el ministro poste\u00f3 en X que se crearon 400.000 puestos de trabajo durante el gobierno de Javier Milei. Las cuentas fueron hasta cuestionadas por analistas que defienden la gesti\u00f3n del Gobierno. La informaci\u00f3n difundida, basada en fuentes oficiales como el Sistema Integrado Previsional Argentino (SIPA), indica que desde que asumi\u00f3 Milei cierran 32 empresas por d\u00eda y se perdieron 290.000 puestos de trabajo registrado.<\/p>\n<p>Un dato que no es menor, es el notable crecimiento del empleo informal y por cuenta propia que sirve de refugio para quienes pierden su empleo registrado. T\u00edpicamente se trata del trabajo por plataformas en rubros como el comercio, gastronom\u00eda y transporte. Seg\u00fan el ministro, \u201cel crecimiento en el empleo total se compone de un aumento de 630.000 puestos informales e independientes y una ca\u00edda de 222.000 formales\u201d, pero sostiene que en promedio los independientes ganan m\u00e1s que los asalariados \u2013y pagan menos impuestos-, as\u00ed que la informalidad ser\u00eda, desde su punto de vista, deseada.<\/p>\n<p>Estas nuevas y expandidas formas del trabajo esconden una realidad que se torn\u00f3 predominante: el empleo por pocas horas o en malas condiciones opera como alternativa frente a los despidos masivos. El Instituto Argentina Grande (IAG) viene relevando esta situaci\u00f3n de precariedad laboral desde hace varios meses y elaboraron un indicador propio de \u201cdesempleo encubierto\u201d. Esta tasa, que es mucho mayor que el desempleo oficial que llega al 6,6 por ciento, tiene en cuenta adem\u00e1s de este \u00faltimo a un \u201cdesempleo ampliado\u201d que incorpora modalidades de trabajo por pocas horas, inestables, de baja calificaci\u00f3n, etc. As\u00ed el \u201cdesempleo encubierto\u201d llega al 13,8 por ciento del mercado laboral.<\/p>\n<p>Estos trabajadores desprotegidos en su actividad cotidiana suman m\u00e1s de 6 millones de personas, seg\u00fan el IAG. Son empleos sin aportes, ni estabilidad, sin capital propio para emprender, ni calificaci\u00f3n.<\/p>\n<p>Las estad\u00edsticas muestran que la crisis productiva deriv\u00f3 en una verdadera crisis del empleo. No s\u00f3lo se asiste a un verdadero industricidio sino que la p\u00e9rdida de empleo afecta adem\u00e1s a puesos de trabajo indirectos vinculados con la actividad fabril. Adem\u00e1s el empleo se volvi\u00f3 una actividad cada vez m\u00e1s precaria, como una alternativa transitoria frente a la falta de ocupaciones en el sector formal.<\/p>\n<h6>Fuente: P\u00e1gina 12<\/h6>\n","protected":false},"excerpt":{"rendered":"<p>El miedo a perder el empleo y la insuficiencia de los ingresos son las principales inquietudes de los argentinos, seg\u00fan el \u00faltimo relevamiento de marzo del Centro de Estudios de Opini\u00f3n P\u00fablica (CEOP).<\/p>\n","protected":false},"author":2,"featured_media":162443,"comment_status":"closed","ping_status":"closed","sticky":false,"template":"","format":"standard","meta":{"footnotes":""},"categories":[8],"tags":[21],"class_list":["post-162442","post","type-post","status-publish","format-standard","has-post-thumbnail","hentry","category-informe-nacional","tag-argentina"],"_links":{"self":[{"href":"http:\/\/argentinamunicipal.com.ar\/argentina\/wp-json\/wp\/v2\/posts\/162442","targetHints":{"allow":["GET"]}}],"collection":[{"href":"http:\/\/argentinamunicipal.com.ar\/argentina\/wp-json\/wp\/v2\/posts"}],"about":[{"href":"http:\/\/argentinamunicipal.com.ar\/argentina\/wp-json\/wp\/v2\/types\/post"}],"author":[{"embeddable":true,"href":"http:\/\/argentinamunicipal.com.ar\/argentina\/wp-json\/wp\/v2\/users\/2"}],"replies":[{"embeddable":true,"href":"http:\/\/argentinamunicipal.com.ar\/argentina\/wp-json\/wp\/v2\/comments?post=162442"}],"version-history":[{"count":1,"href":"http:\/\/argentinamunicipal.com.ar\/argentina\/wp-json\/wp\/v2\/posts\/162442\/revisions"}],"predecessor-version":[{"id":162444,"href":"http:\/\/argentinamunicipal.com.ar\/argentina\/wp-json\/wp\/v2\/posts\/162442\/revisions\/162444"}],"wp:featuredmedia":[{"embeddable":true,"href":"http:\/\/argentinamunicipal.com.ar\/argentina\/wp-json\/wp\/v2\/media\/162443"}],"wp:attachment":[{"href":"http:\/\/argentinamunicipal.com.ar\/argentina\/wp-json\/wp\/v2\/media?parent=162442"}],"wp:term":[{"taxonomy":"category","embeddable":true,"href":"http:\/\/argentinamunicipal.com.ar\/argentina\/wp-json\/wp\/v2\/categories?post=162442"},{"taxonomy":"post_tag","embeddable":true,"href":"http:\/\/argentinamunicipal.com.ar\/argentina\/wp-json\/wp\/v2\/tags?post=162442"}],"curies":[{"name":"wp","href":"https:\/\/api.w.org\/{rel}","templated":true}]}}